{"id":10241,"date":"2026-09-01T14:47:19","date_gmt":"2026-09-01T14:47:19","guid":{"rendered":"https:\/\/agse.pt\/?p=10241"},"modified":"2026-09-01T18:04:36","modified_gmt":"2026-09-01T18:04:36","slug":"contratos-programa-financiamento-publico-das-ofertas-profissionalizantes","status":"publish","type":"post","link":"https:\/\/agse.pt\/en\/contratos-programa-financiamento-publico-das-ofertas-profissionalizantes\/","title":{"rendered":"Contratos Programa &#8211; Financiamento P\u00fablico das ofertas profissionalizantes"},"content":{"rendered":"<p class=\"wp-block-paragraph\"><\/p>\n\n\n<p>Encontra-se aberto o concurso para a celebra\u00e7\u00e3o de Contratos-Programa com entidades titulares de autoriza\u00e7\u00e3o de funcionamento dos estabelecimentos do ensino profissional privado, da rede aprovada para o ensino profissional privado.<\/p>\n<p>Consulte o Aviso Abertura do concurso para a celebra\u00e7\u00e3o de Contratos-Programa para o ensino profissional privado dos cursos profissionais e cursos de educa\u00e7\u00e3o e forma\u00e7\u00e3o (CEF) a iniciar em 2026\/2027, bem como a restante documenta\u00e7\u00e3o relacionada.<\/p>\n<p>A presente candidatura a concurso formaliza-se atrav\u00e9s do preenchimento do Formul\u00e1rio de Candidatura e submetida por correio eletr\u00f3nico.<\/p>\n<p>&nbsp;<\/p>\n<p><strong>Application<\/strong><\/p>\n<p><a href=\"https:\/\/agse.pt\/wp-content\/uploads\/2026\/09\/Aviso_Abertura.pdf\">Aviso_Abertura<\/a><\/p>\n<p><a href=\"https:\/\/agse.pt\/wp-content\/uploads\/2026\/09\/Formulario.xlsx\">Formul\u00e1rio<\/a><\/p>\n<p><a href=\"https:\/\/agse.pt\/wp-content\/uploads\/2026\/09\/Notas_Explicativas.pdf\">Notas_Explicativas<\/a><\/p>\n<p>&nbsp;<\/p>\n<p><strong>Legislation<\/strong><\/p>\n<p><a href=\"https:\/\/diariodarepublica.pt\/dr\/detalhe\/portaria\/49-2007-262088\">Portaria n.\u00ba 49\/2007, de 8 de janeiro<\/a><\/p>\n<p><a href=\"https:\/\/diariodarepublica.pt\/dr\/detalhe\/despacho\/9417-b-2023-221580503\">Despacho n.\u00ba 9417-B\/2023, de 13 de setembro<\/a><\/p>\n<p><a href=\"https:\/\/diariodarepublica.pt\/dr\/detalhe\/despacho\/7786-2026-1134835206\">Despacho n.\u00ba 7786\/2026, 22 de junho<\/a><\/p>\n<p><a href=\"https:\/\/files.diariodarepublica.pt\/1s\/2026\/07\/13600\/0001500016.pdf\">Resolu\u00e7\u00e3o do Conselho de Ministros n.\u00ba 148\/2026, de 16 de julho<\/a><\/p>","protected":false},"excerpt":{"rendered":"<p>Encontra-se aberto o concurso para a celebra\u00e7\u00e3o de Contratos-Programa com entidades titulares de autoriza\u00e7\u00e3o de funcionamento dos estabelecimentos do ensino profissional privado, da rede aprovada para o ensino profissional privado. Consulte o Aviso Abertura do concurso para a celebra\u00e7\u00e3o de Contratos-Programa para o ensino profissional privado dos cursos profissionais e cursos de educa\u00e7\u00e3o e forma\u00e7\u00e3o [&hellip;]<\/p>\n","protected":false},"author":19,"featured_media":10243,"comment_status":"closed","ping_status":"open","sticky":false,"template":"","format":"standard","meta":{"_acf_changed":false,"footnotes":""},"categories":[148,158,1],"tags":[],"class_list":["post-10241","post","type-post","status-publish","format-standard","has-post-thumbnail","hentry","category-concursos","category-contratos-programa-financiamento-publico-das-ofertas-profissionalizantes","category-geral"],"acf":[],"yoast_head":"<!-- This site is optimized with the Yoast SEO plugin v27.9 - https:\/\/yoast.com\/product\/yoast-seo-wordpress\/ -->\n<title>Contratos Programa - Financiamento P\u00fablico das ofertas profissionalizantes - AGSE<\/title>\n<meta name=\"robots\" content=\"index, follow, max-snippet:-1, max-image-preview:large, max-video-preview:-1\" \/>\n<link rel=\"canonical\" href=\"https:\/\/agse.pt\/en\/contratos-programa-financiamento-publico-das-ofertas-profissionalizantes\/\" \/>\n<meta property=\"og:locale\" content=\"en_GB\" \/>\n<meta property=\"og:type\" content=\"article\" \/>\n<meta property=\"og:title\" content=\"Contratos Programa - Financiamento P\u00fablico das ofertas profissionalizantes - AGSE\" \/>\n<meta property=\"og:description\" content=\"Encontra-se aberto o concurso para a celebra\u00e7\u00e3o de Contratos-Programa com entidades titulares de autoriza\u00e7\u00e3o de funcionamento dos estabelecimentos do ensino profissional privado, da rede aprovada para o ensino profissional privado. Consulte o Aviso Abertura do concurso para a celebra\u00e7\u00e3o de Contratos-Programa para o ensino profissional privado dos cursos profissionais e cursos de educa\u00e7\u00e3o e forma\u00e7\u00e3o [&hellip;]\" \/>\n<meta property=\"og:url\" content=\"https:\/\/agse.pt\/en\/contratos-programa-financiamento-publico-das-ofertas-profissionalizantes\/\" \/>\n<meta property=\"og:site_name\" content=\"AGSE\" \/>\n<meta property=\"article:published_time\" content=\"2026-09-01T14:47:19+00:00\" \/>\n<meta property=\"article:modified_time\" content=\"2026-09-01T18:04:36+00:00\" \/>\n<meta property=\"og:image\" content=\"https:\/\/agse.pt\/wp-content\/uploads\/2026\/09\/Imagens-AGSE-1687x1108px-1.png\" \/>\n\t<meta property=\"og:image:width\" content=\"1687\" \/>\n\t<meta property=\"og:image:height\" content=\"1108\" \/>\n\t<meta property=\"og:image:type\" content=\"image\/png\" \/>\n<meta name=\"twitter:card\" content=\"summary_large_image\" \/>\n<meta name=\"twitter:label1\" content=\"Est. reading time\" \/>\n\t<meta name=\"twitter:data1\" content=\"1 minute\" \/>\n<script type=\"application\/ld+json\" class=\"yoast-schema-graph\">{\"@context\":\"https:\\\/\\\/schema.org\",\"@graph\":[{\"@type\":\"Article\",\"@id\":\"https:\\\/\\\/agse.pt\\\/contratos-programa-financiamento-publico-das-ofertas-profissionalizantes\\\/#article\",\"isPartOf\":{\"@id\":\"https:\\\/\\\/agse.pt\\\/contratos-programa-financiamento-publico-das-ofertas-profissionalizantes\\\/\"},\"headline\":\"Contratos Programa &#8211; Financiamento P\u00fablico das ofertas profissionalizantes\",\"datePublished\":\"2026-09-01T14:47:19+00:00\",\"dateModified\":\"2026-09-01T18:04:36+00:00\",\"mainEntityOfPage\":{\"@id\":\"https:\\\/\\\/agse.pt\\\/contratos-programa-financiamento-publico-das-ofertas-profissionalizantes\\\/\"},\"wordCount\":137,\"image\":{\"@id\":\"https:\\\/\\\/agse.pt\\\/contratos-programa-financiamento-publico-das-ofertas-profissionalizantes\\\/#primaryimage\"},\"thumbnailUrl\":\"https:\\\/\\\/agse.pt\\\/wp-content\\\/uploads\\\/2026\\\/09\\\/Imagens-AGSE-1687x1108px-1.png\",\"articleSection\":[\"Concursos\",\"Contratos Programa - Financiamento P\u00fablico das ofertas profissionalizantes\",\"Geral\"],\"inLanguage\":\"en-GB\"},{\"@type\":\"WebPage\",\"@id\":\"https:\\\/\\\/agse.pt\\\/contratos-programa-financiamento-publico-das-ofertas-profissionalizantes\\\/\",\"url\":\"https:\\\/\\\/agse.pt\\\/contratos-programa-financiamento-publico-das-ofertas-profissionalizantes\\\/\",\"name\":\"Contratos Programa - Financiamento P\u00fablico das ofertas profissionalizantes - AGSE\",\"isPartOf\":{\"@id\":\"https:\\\/\\\/agse.pt\\\/#website\"},\"primaryImageOfPage\":{\"@id\":\"https:\\\/\\\/agse.pt\\\/contratos-programa-financiamento-publico-das-ofertas-profissionalizantes\\\/#primaryimage\"},\"image\":{\"@id\":\"https:\\\/\\\/agse.pt\\\/contratos-programa-financiamento-publico-das-ofertas-profissionalizantes\\\/#primaryimage\"},\"thumbnailUrl\":\"https:\\\/\\\/agse.pt\\\/wp-content\\\/uploads\\\/2026\\\/09\\\/Imagens-AGSE-1687x1108px-1.png\",\"datePublished\":\"2026-09-01T14:47:19+00:00\",\"dateModified\":\"2026-09-01T18:04:36+00:00\",\"breadcrumb\":{\"@id\":\"https:\\\/\\\/agse.pt\\\/contratos-programa-financiamento-publico-das-ofertas-profissionalizantes\\\/#breadcrumb\"},\"inLanguage\":\"en-GB\",\"potentialAction\":[{\"@type\":\"ReadAction\",\"target\":[\"https:\\\/\\\/agse.pt\\\/contratos-programa-financiamento-publico-das-ofertas-profissionalizantes\\\/\"]}]},{\"@type\":\"ImageObject\",\"inLanguage\":\"en-GB\",\"@id\":\"https:\\\/\\\/agse.pt\\\/contratos-programa-financiamento-publico-das-ofertas-profissionalizantes\\\/#primaryimage\",\"url\":\"https:\\\/\\\/agse.pt\\\/wp-content\\\/uploads\\\/2026\\\/09\\\/Imagens-AGSE-1687x1108px-1.png\",\"contentUrl\":\"https:\\\/\\\/agse.pt\\\/wp-content\\\/uploads\\\/2026\\\/09\\\/Imagens-AGSE-1687x1108px-1.png\",\"width\":1687,\"height\":1108,\"caption\":\"Capa de um documento da AGSE com o t\u00edtulo \u201cContratos Programa \u2013 Financiamento P\u00fablico das Ofertas Profissionalizantes\u201d. O design utiliza fundo cinzento-claro e elementos geom\u00e9tricos em azul e verde, formando uma seta apontada para a direita. O log\u00f3tipo da AGSE aparece no canto superior direito. A imagem tem um aspeto institucional, moderno e s\u00f3brio.\"},{\"@type\":\"BreadcrumbList\",\"@id\":\"https:\\\/\\\/agse.pt\\\/contratos-programa-financiamento-publico-das-ofertas-profissionalizantes\\\/#breadcrumb\",\"itemListElement\":[{\"@type\":\"ListItem\",\"position\":1,\"name\":\"Home\",\"item\":\"https:\\\/\\\/agse.pt\\\/\"},{\"@type\":\"ListItem\",\"position\":2,\"name\":\"Contratos Programa &#8211; Financiamento P\u00fablico das ofertas profissionalizantes\"}]},{\"@type\":\"WebSite\",\"@id\":\"https:\\\/\\\/agse.pt\\\/#website\",\"url\":\"https:\\\/\\\/agse.pt\\\/\",\"name\":\"AGSE\",\"description\":\"Ag\u00eancia para a Gest\u00e3o do Sistema Educativo\",\"potentialAction\":[{\"@type\":\"SearchAction\",\"target\":{\"@type\":\"EntryPoint\",\"urlTemplate\":\"https:\\\/\\\/agse.pt\\\/?s={search_term_string}\"},\"query-input\":{\"@type\":\"PropertyValueSpecification\",\"valueRequired\":true,\"valueName\":\"search_term_string\"}}],\"inLanguage\":\"en-GB\"},[]]}<\/script>\n<!-- \/ Yoast SEO plugin. -->","yoast_head_json":{"title":"Contratos Programa - Financiamento P\u00fablico das ofertas profissionalizantes - AGSE","robots":{"index":"index","follow":"follow","max-snippet":"max-snippet:-1","max-image-preview":"max-image-preview:large","max-video-preview":"max-video-preview:-1"},"canonical":"https:\/\/agse.pt\/en\/contratos-programa-financiamento-publico-das-ofertas-profissionalizantes\/","og_locale":"en_GB","og_type":"article","og_title":"Contratos Programa - Financiamento P\u00fablico das ofertas profissionalizantes - AGSE","og_description":"Encontra-se aberto o concurso para a celebra\u00e7\u00e3o de Contratos-Programa com entidades titulares de autoriza\u00e7\u00e3o de funcionamento dos estabelecimentos do ensino profissional privado, da rede aprovada para o ensino profissional privado. Consulte o Aviso Abertura do concurso para a celebra\u00e7\u00e3o de Contratos-Programa para o ensino profissional privado dos cursos profissionais e cursos de educa\u00e7\u00e3o e forma\u00e7\u00e3o [&hellip;]","og_url":"https:\/\/agse.pt\/en\/contratos-programa-financiamento-publico-das-ofertas-profissionalizantes\/","og_site_name":"AGSE","article_published_time":"2026-09-01T14:47:19+00:00","article_modified_time":"2026-09-01T18:04:36+00:00","og_image":[{"width":1687,"height":1108,"url":"https:\/\/agse.pt\/wp-content\/uploads\/2026\/09\/Imagens-AGSE-1687x1108px-1.png","type":"image\/png"}],"twitter_card":"summary_large_image","twitter_misc":{"Est. reading time":"1 minute"},"schema":{"@context":"https:\/\/schema.org","@graph":[{"@type":"Article","@id":"https:\/\/agse.pt\/contratos-programa-financiamento-publico-das-ofertas-profissionalizantes\/#article","isPartOf":{"@id":"https:\/\/agse.pt\/contratos-programa-financiamento-publico-das-ofertas-profissionalizantes\/"},"headline":"Contratos Programa &#8211; Financiamento P\u00fablico das ofertas profissionalizantes","datePublished":"2026-09-01T14:47:19+00:00","dateModified":"2026-09-01T18:04:36+00:00","mainEntityOfPage":{"@id":"https:\/\/agse.pt\/contratos-programa-financiamento-publico-das-ofertas-profissionalizantes\/"},"wordCount":137,"image":{"@id":"https:\/\/agse.pt\/contratos-programa-financiamento-publico-das-ofertas-profissionalizantes\/#primaryimage"},"thumbnailUrl":"https:\/\/agse.pt\/wp-content\/uploads\/2026\/09\/Imagens-AGSE-1687x1108px-1.png","articleSection":["Concursos","Contratos Programa - Financiamento P\u00fablico das ofertas profissionalizantes","Geral"],"inLanguage":"en-GB"},{"@type":"WebPage","@id":"https:\/\/agse.pt\/contratos-programa-financiamento-publico-das-ofertas-profissionalizantes\/","url":"https:\/\/agse.pt\/contratos-programa-financiamento-publico-das-ofertas-profissionalizantes\/","name":"Contratos Programa - Financiamento P\u00fablico das ofertas profissionalizantes - AGSE","isPartOf":{"@id":"https:\/\/agse.pt\/#website"},"primaryImageOfPage":{"@id":"https:\/\/agse.pt\/contratos-programa-financiamento-publico-das-ofertas-profissionalizantes\/#primaryimage"},"image":{"@id":"https:\/\/agse.pt\/contratos-programa-financiamento-publico-das-ofertas-profissionalizantes\/#primaryimage"},"thumbnailUrl":"https:\/\/agse.pt\/wp-content\/uploads\/2026\/09\/Imagens-AGSE-1687x1108px-1.png","datePublished":"2026-09-01T14:47:19+00:00","dateModified":"2026-09-01T18:04:36+00:00","breadcrumb":{"@id":"https:\/\/agse.pt\/contratos-programa-financiamento-publico-das-ofertas-profissionalizantes\/#breadcrumb"},"inLanguage":"en-GB","potentialAction":[{"@type":"ReadAction","target":["https:\/\/agse.pt\/contratos-programa-financiamento-publico-das-ofertas-profissionalizantes\/"]}]},{"@type":"ImageObject","inLanguage":"en-GB","@id":"https:\/\/agse.pt\/contratos-programa-financiamento-publico-das-ofertas-profissionalizantes\/#primaryimage","url":"https:\/\/agse.pt\/wp-content\/uploads\/2026\/09\/Imagens-AGSE-1687x1108px-1.png","contentUrl":"https:\/\/agse.pt\/wp-content\/uploads\/2026\/09\/Imagens-AGSE-1687x1108px-1.png","width":1687,"height":1108,"caption":"Capa de um documento da AGSE com o t\u00edtulo \u201cContratos Programa \u2013 Financiamento P\u00fablico das Ofertas Profissionalizantes\u201d. O design utiliza fundo cinzento-claro e elementos geom\u00e9tricos em azul e verde, formando uma seta apontada para a direita. O log\u00f3tipo da AGSE aparece no canto superior direito. A imagem tem um aspeto institucional, moderno e s\u00f3brio."},{"@type":"BreadcrumbList","@id":"https:\/\/agse.pt\/contratos-programa-financiamento-publico-das-ofertas-profissionalizantes\/#breadcrumb","itemListElement":[{"@type":"ListItem","position":1,"name":"Home","item":"https:\/\/agse.pt\/"},{"@type":"ListItem","position":2,"name":"Contratos Programa &#8211; Financiamento P\u00fablico das ofertas profissionalizantes"}]},{"@type":"WebSite","@id":"https:\/\/agse.pt\/#website","url":"https:\/\/agse.pt\/","name":"AGSE","description":"Agency for the Management of the Education System","potentialAction":[{"@type":"SearchAction","target":{"@type":"EntryPoint","urlTemplate":"https:\/\/agse.pt\/?s={search_term_string}"},"query-input":{"@type":"PropertyValueSpecification","valueRequired":true,"valueName":"search_term_string"}}],"inLanguage":"en-GB"},[]]}},"_links":{"self":[{"href":"https:\/\/agse.pt\/en\/wp-json\/wp\/v2\/posts\/10241","targetHints":{"allow":["GET"]}}],"collection":[{"href":"https:\/\/agse.pt\/en\/wp-json\/wp\/v2\/posts"}],"about":[{"href":"https:\/\/agse.pt\/en\/wp-json\/wp\/v2\/types\/post"}],"author":[{"embeddable":true,"href":"https:\/\/agse.pt\/en\/wp-json\/wp\/v2\/users\/19"}],"replies":[{"embeddable":true,"href":"https:\/\/agse.pt\/en\/wp-json\/wp\/v2\/comments?post=10241"}],"version-history":[{"count":11,"href":"https:\/\/agse.pt\/en\/wp-json\/wp\/v2\/posts\/10241\/revisions"}],"predecessor-version":[{"id":10301,"href":"https:\/\/agse.pt\/en\/wp-json\/wp\/v2\/posts\/10241\/revisions\/10301"}],"wp:featuredmedia":[{"embeddable":true,"href":"https:\/\/agse.pt\/en\/wp-json\/wp\/v2\/media\/10243"}],"wp:attachment":[{"href":"https:\/\/agse.pt\/en\/wp-json\/wp\/v2\/media?parent=10241"}],"wp:term":[{"taxonomy":"category","embeddable":true,"href":"https:\/\/agse.pt\/en\/wp-json\/wp\/v2\/categories?post=10241"},{"taxonomy":"post_tag","embeddable":true,"href":"https:\/\/agse.pt\/en\/wp-json\/wp\/v2\/tags?post=10241"}],"curies":[{"name":"wp","href":"https:\/\/api.w.org\/{rel}","templated":true}]}}