{"id":3857,"date":"2026-03-05T17:32:13","date_gmt":"2026-03-05T17:32:13","guid":{"rendered":"https:\/\/agse.pt\/?p=3857"},"modified":"2026-03-05T17:32:13","modified_gmt":"2026-03-05T17:32:13","slug":"publicitacao-de-aviso-de-abertura-de-procedimento-concursal-previo-a-eleicao-de-diretor-a-agrupamento-de-escolas-de-cercal-do-alentejo-santiago-do-cacem","status":"publish","type":"post","link":"https:\/\/agse.pt\/en\/publicitacao-de-aviso-de-abertura-de-procedimento-concursal-previo-a-eleicao-de-diretor-a-agrupamento-de-escolas-de-cercal-do-alentejo-santiago-do-cacem\/","title":{"rendered":"Public notice of the opening of a competitive procedure prior to the election of a director \u2013 Cercal do Alentejo School Group, Santiago do Cac\u00e9m"},"content":{"rendered":"<p data-start=\"286\" data-end=\"510\">It was published in the Official Gazette. <a href=\"https:\/\/agse.pt\/wp-content\/uploads\/2026\/03\/Aviso-n.o-479920262.pdf\">Notice No. 479920262<\/a>\u00a0which determines the opening of the competitive procedure prior to the election of the director of <strong><span class=\"hover:entity-accent entity-underline inline cursor-pointer align-baseline\"><span class=\"whitespace-normal\">Cercal do Alentejo School Group<\/span><\/span><\/strong>, in the municipality of <span class=\"hover:entity-accent entity-underline inline cursor-pointer align-baseline\"><span class=\"whitespace-normal\">Santiago do Cac\u00e9m<\/span><\/span>.<\/p>\n<p data-start=\"512\" data-end=\"919\">In accordance with the provisions of <strong>articles 21 and 22 of <span class=\"hover:entity-accent entity-underline inline cursor-pointer align-baseline\"><span class=\"whitespace-normal\">Decree-Law No. 75\/2008<\/span><\/span><\/strong>, of April 22, with the changes introduced by <span class=\"hover:entity-accent entity-underline inline cursor-pointer align-baseline\"><span class=\"whitespace-normal\">Decree-Law No. 137\/2012<\/span><\/span>, As of July 2nd, a competitive procedure prior to the election of the director of that school cluster is open for a period of... <strong data-start=\"815\" data-end=\"832\">10 business days<\/strong>, starting from the day after the publication of the notice in the Official Gazette, 2nd series.<\/p>\n<p data-start=\"921\" data-end=\"1093\">Teachers who meet the requirements set out in paragraphs 3, 4 and 5 of Article 21 of the aforementioned decree, as well as in the remaining applicable legislation, may apply.<\/p>\n<p data-start=\"1095\" data-end=\"1509\">The application must be formalized by means of a request addressed to the president of the General Council of the school cluster, using the appropriate form available on the school&#039;s website or at its administrative offices, accompanied by the required documentation, namely: <strong data-start=\"1367\" data-end=\"1508\">Detailed curriculum vitae, intervention project for the school cluster, and supporting documents for qualifications and professional training.<\/strong>.<\/p>\n<p data-start=\"1511\" data-end=\"1845\">The application evaluation process includes <strong data-start=\"1561\" data-end=\"1592\">analysis of the curriculum vitae<\/strong>, a <strong data-start=\"1596\" data-end=\"1636\">assessment of the intervention project<\/strong> and the <strong data-start=\"1641\" data-end=\"1695\">conducting individual interviews with candidates<\/strong>, pursuant to the provisions of Article 22-B of <span class=\"hover:entity-accent entity-underline inline cursor-pointer align-baseline\"><span class=\"whitespace-normal\">Decree-Law No. 75\/2008<\/span><\/span>, in the wording introduced by <span class=\"hover:entity-accent entity-underline inline cursor-pointer align-baseline\"><span class=\"whitespace-normal\">Decree-Law No. 137\/2012<\/span><\/span>.<\/p>","protected":false},"excerpt":{"rendered":"<p>Foi publicado em Di\u00e1rio da Rep\u00fablica o Aviso n.\u00ba 479920262\u00a0que determina a abertura do procedimento concursal\u00a0pr\u00e9vio \u00e0 elei\u00e7\u00e3o de diretor do Agrupamento de Escolas de Cercal do Alentejo, no concelho de Santiago do Cac\u00e9m. Nos termos do disposto nos artigos 21.\u00ba e 22.\u00ba do Decreto-Lei n.\u00ba 75\/2008, de 22 de abril, com as altera\u00e7\u00f5es introduzidas [&hellip;]<\/p>\n","protected":false},"author":11,"featured_media":3859,"comment_status":"closed","ping_status":"open","sticky":false,"template":"","format":"standard","meta":{"_acf_changed":false,"footnotes":""},"categories":[5],"tags":[],"class_list":["post-3857","post","type-post","status-publish","format-standard","has-post-thumbnail","hentry","category-noticias"],"acf":[],"yoast_head":"<!-- This site is optimized with the Yoast SEO plugin v27.5 - https:\/\/yoast.com\/product\/yoast-seo-wordpress\/ -->\n<title>Publicita\u00e7\u00e3o de aviso de abertura de procedimento concursal pr\u00e9vio \u00e0 elei\u00e7\u00e3o de diretor\/a - Agrupamento de Escolas de Cercal do Alentejo, Santiago do Cac\u00e9m - AGSE<\/title>\n<meta name=\"robots\" content=\"index, follow, max-snippet:-1, max-image-preview:large, max-video-preview:-1\" \/>\n<link rel=\"canonical\" href=\"https:\/\/agse.pt\/en\/publicitacao-de-aviso-de-abertura-de-procedimento-concursal-previo-a-eleicao-de-diretor-a-agrupamento-de-escolas-de-cercal-do-alentejo-santiago-do-cacem\/\" \/>\n<meta property=\"og:locale\" content=\"en_GB\" \/>\n<meta property=\"og:type\" content=\"article\" \/>\n<meta property=\"og:title\" content=\"Publicita\u00e7\u00e3o de aviso de abertura de procedimento concursal pr\u00e9vio \u00e0 elei\u00e7\u00e3o de diretor\/a - Agrupamento de Escolas de Cercal do Alentejo, Santiago do Cac\u00e9m - AGSE\" \/>\n<meta property=\"og:description\" content=\"Foi publicado em Di\u00e1rio da Rep\u00fablica o Aviso n.\u00ba 479920262\u00a0que determina a abertura do procedimento concursal\u00a0pr\u00e9vio \u00e0 elei\u00e7\u00e3o de diretor do Agrupamento de Escolas de Cercal do Alentejo, no concelho de Santiago do Cac\u00e9m. Nos termos do disposto nos artigos 21.\u00ba e 22.\u00ba do Decreto-Lei n.\u00ba 75\/2008, de 22 de abril, com as altera\u00e7\u00f5es introduzidas [&hellip;]\" \/>\n<meta property=\"og:url\" content=\"https:\/\/agse.pt\/en\/publicitacao-de-aviso-de-abertura-de-procedimento-concursal-previo-a-eleicao-de-diretor-a-agrupamento-de-escolas-de-cercal-do-alentejo-santiago-do-cacem\/\" \/>\n<meta property=\"og:site_name\" content=\"AGSE\" \/>\n<meta property=\"article:published_time\" content=\"2026-03-05T17:32:13+00:00\" \/>\n<meta property=\"og:image\" content=\"https:\/\/agse.pt\/wp-content\/uploads\/2026\/03\/Imagens-AGSE-1687x1108px-18.png\" \/>\n\t<meta property=\"og:image:width\" content=\"1687\" \/>\n\t<meta property=\"og:image:height\" content=\"1108\" \/>\n\t<meta property=\"og:image:type\" content=\"image\/png\" \/>\n<meta name=\"author\" content=\"Maria Carreira\" \/>\n<meta name=\"twitter:card\" content=\"summary_large_image\" \/>\n<meta name=\"twitter:label1\" content=\"Written by\" \/>\n\t<meta name=\"twitter:data1\" content=\"Maria Carreira\" \/>\n\t<meta name=\"twitter:label2\" content=\"Est. reading time\" \/>\n\t<meta name=\"twitter:data2\" content=\"2 minutes\" \/>\n<script type=\"application\/ld+json\" class=\"yoast-schema-graph\">{\"@context\":\"https:\\\/\\\/schema.org\",\"@graph\":[{\"@type\":\"Article\",\"@id\":\"https:\\\/\\\/agse.pt\\\/publicitacao-de-aviso-de-abertura-de-procedimento-concursal-previo-a-eleicao-de-diretor-a-agrupamento-de-escolas-de-cercal-do-alentejo-santiago-do-cacem\\\/#article\",\"isPartOf\":{\"@id\":\"https:\\\/\\\/agse.pt\\\/publicitacao-de-aviso-de-abertura-de-procedimento-concursal-previo-a-eleicao-de-diretor-a-agrupamento-de-escolas-de-cercal-do-alentejo-santiago-do-cacem\\\/\"},\"author\":{\"name\":\"Maria Carreira\",\"@id\":\"https:\\\/\\\/site1.dev.fccn.pt\\\/#\\\/schema\\\/person\\\/6bcdc553adac8654f5b0ba0662ce1524\"},\"headline\":\"Publicita\u00e7\u00e3o de aviso de abertura de procedimento concursal pr\u00e9vio \u00e0 elei\u00e7\u00e3o de diretor\\\/a &#8211; Agrupamento de Escolas de Cercal do Alentejo, Santiago do Cac\u00e9m\",\"datePublished\":\"2026-03-05T17:32:13+00:00\",\"mainEntityOfPage\":{\"@id\":\"https:\\\/\\\/agse.pt\\\/publicitacao-de-aviso-de-abertura-de-procedimento-concursal-previo-a-eleicao-de-diretor-a-agrupamento-de-escolas-de-cercal-do-alentejo-santiago-do-cacem\\\/\"},\"wordCount\":262,\"image\":{\"@id\":\"https:\\\/\\\/agse.pt\\\/publicitacao-de-aviso-de-abertura-de-procedimento-concursal-previo-a-eleicao-de-diretor-a-agrupamento-de-escolas-de-cercal-do-alentejo-santiago-do-cacem\\\/#primaryimage\"},\"thumbnailUrl\":\"https:\\\/\\\/agse.pt\\\/wp-content\\\/uploads\\\/2026\\\/03\\\/Imagens-AGSE-1687x1108px-18.png\",\"articleSection\":[\"Not\u00edcias\"],\"inLanguage\":\"en-GB\"},{\"@type\":\"WebPage\",\"@id\":\"https:\\\/\\\/agse.pt\\\/publicitacao-de-aviso-de-abertura-de-procedimento-concursal-previo-a-eleicao-de-diretor-a-agrupamento-de-escolas-de-cercal-do-alentejo-santiago-do-cacem\\\/\",\"url\":\"https:\\\/\\\/agse.pt\\\/publicitacao-de-aviso-de-abertura-de-procedimento-concursal-previo-a-eleicao-de-diretor-a-agrupamento-de-escolas-de-cercal-do-alentejo-santiago-do-cacem\\\/\",\"name\":\"Publicita\u00e7\u00e3o de aviso de abertura de procedimento concursal pr\u00e9vio \u00e0 elei\u00e7\u00e3o de diretor\\\/a - Agrupamento de Escolas de Cercal do Alentejo, Santiago do Cac\u00e9m - AGSE\",\"isPartOf\":{\"@id\":\"https:\\\/\\\/site1.dev.fccn.pt\\\/#website\"},\"primaryImageOfPage\":{\"@id\":\"https:\\\/\\\/agse.pt\\\/publicitacao-de-aviso-de-abertura-de-procedimento-concursal-previo-a-eleicao-de-diretor-a-agrupamento-de-escolas-de-cercal-do-alentejo-santiago-do-cacem\\\/#primaryimage\"},\"image\":{\"@id\":\"https:\\\/\\\/agse.pt\\\/publicitacao-de-aviso-de-abertura-de-procedimento-concursal-previo-a-eleicao-de-diretor-a-agrupamento-de-escolas-de-cercal-do-alentejo-santiago-do-cacem\\\/#primaryimage\"},\"thumbnailUrl\":\"https:\\\/\\\/agse.pt\\\/wp-content\\\/uploads\\\/2026\\\/03\\\/Imagens-AGSE-1687x1108px-18.png\",\"datePublished\":\"2026-03-05T17:32:13+00:00\",\"author\":{\"@id\":\"https:\\\/\\\/site1.dev.fccn.pt\\\/#\\\/schema\\\/person\\\/6bcdc553adac8654f5b0ba0662ce1524\"},\"breadcrumb\":{\"@id\":\"https:\\\/\\\/agse.pt\\\/publicitacao-de-aviso-de-abertura-de-procedimento-concursal-previo-a-eleicao-de-diretor-a-agrupamento-de-escolas-de-cercal-do-alentejo-santiago-do-cacem\\\/#breadcrumb\"},\"inLanguage\":\"en-GB\",\"potentialAction\":[{\"@type\":\"ReadAction\",\"target\":[\"https:\\\/\\\/agse.pt\\\/publicitacao-de-aviso-de-abertura-de-procedimento-concursal-previo-a-eleicao-de-diretor-a-agrupamento-de-escolas-de-cercal-do-alentejo-santiago-do-cacem\\\/\"]}]},{\"@type\":\"ImageObject\",\"inLanguage\":\"en-GB\",\"@id\":\"https:\\\/\\\/agse.pt\\\/publicitacao-de-aviso-de-abertura-de-procedimento-concursal-previo-a-eleicao-de-diretor-a-agrupamento-de-escolas-de-cercal-do-alentejo-santiago-do-cacem\\\/#primaryimage\",\"url\":\"https:\\\/\\\/agse.pt\\\/wp-content\\\/uploads\\\/2026\\\/03\\\/Imagens-AGSE-1687x1108px-18.png\",\"contentUrl\":\"https:\\\/\\\/agse.pt\\\/wp-content\\\/uploads\\\/2026\\\/03\\\/Imagens-AGSE-1687x1108px-18.png\",\"width\":1687,\"height\":1108},{\"@type\":\"BreadcrumbList\",\"@id\":\"https:\\\/\\\/agse.pt\\\/publicitacao-de-aviso-de-abertura-de-procedimento-concursal-previo-a-eleicao-de-diretor-a-agrupamento-de-escolas-de-cercal-do-alentejo-santiago-do-cacem\\\/#breadcrumb\",\"itemListElement\":[{\"@type\":\"ListItem\",\"position\":1,\"name\":\"Home\",\"item\":\"https:\\\/\\\/agse.pt\\\/\"},{\"@type\":\"ListItem\",\"position\":2,\"name\":\"Publicita\u00e7\u00e3o de aviso de abertura de procedimento concursal pr\u00e9vio \u00e0 elei\u00e7\u00e3o de diretor\\\/a &#8211; Agrupamento de Escolas de Cercal do Alentejo, Santiago do Cac\u00e9m\"}]},{\"@type\":\"WebSite\",\"@id\":\"https:\\\/\\\/site1.dev.fccn.pt\\\/#website\",\"url\":\"https:\\\/\\\/site1.dev.fccn.pt\\\/\",\"name\":\"AGSE\",\"description\":\"Ag\u00eancia para a Gest\u00e3o do Sistema Educativo\",\"potentialAction\":[{\"@type\":\"SearchAction\",\"target\":{\"@type\":\"EntryPoint\",\"urlTemplate\":\"https:\\\/\\\/site1.dev.fccn.pt\\\/?s={search_term_string}\"},\"query-input\":{\"@type\":\"PropertyValueSpecification\",\"valueRequired\":true,\"valueName\":\"search_term_string\"}}],\"inLanguage\":\"en-GB\"},{\"@type\":\"Person\",\"@id\":\"https:\\\/\\\/site1.dev.fccn.pt\\\/#\\\/schema\\\/person\\\/6bcdc553adac8654f5b0ba0662ce1524\",\"name\":\"Maria Carreira\",\"image\":{\"@type\":\"ImageObject\",\"inLanguage\":\"en-GB\",\"@id\":\"https:\\\/\\\/secure.gravatar.com\\\/avatar\\\/9595b1a4b57244bf452cb61369d2f24814e8d979d2bc912f845150616ac58914?s=96&d=mm&r=g\",\"url\":\"https:\\\/\\\/secure.gravatar.com\\\/avatar\\\/9595b1a4b57244bf452cb61369d2f24814e8d979d2bc912f845150616ac58914?s=96&d=mm&r=g\",\"contentUrl\":\"https:\\\/\\\/secure.gravatar.com\\\/avatar\\\/9595b1a4b57244bf452cb61369d2f24814e8d979d2bc912f845150616ac58914?s=96&d=mm&r=g\",\"caption\":\"Maria Carreira\"},\"url\":\"https:\\\/\\\/agse.pt\\\/en\\\/author\\\/maria-carreirafccn-pt\\\/\"}]}<\/script>\n<!-- \/ Yoast SEO plugin. -->","yoast_head_json":{"title":"Publicita\u00e7\u00e3o de aviso de abertura de procedimento concursal pr\u00e9vio \u00e0 elei\u00e7\u00e3o de diretor\/a - Agrupamento de Escolas de Cercal do Alentejo, Santiago do Cac\u00e9m - AGSE","robots":{"index":"index","follow":"follow","max-snippet":"max-snippet:-1","max-image-preview":"max-image-preview:large","max-video-preview":"max-video-preview:-1"},"canonical":"https:\/\/agse.pt\/en\/publicitacao-de-aviso-de-abertura-de-procedimento-concursal-previo-a-eleicao-de-diretor-a-agrupamento-de-escolas-de-cercal-do-alentejo-santiago-do-cacem\/","og_locale":"en_GB","og_type":"article","og_title":"Publicita\u00e7\u00e3o de aviso de abertura de procedimento concursal pr\u00e9vio \u00e0 elei\u00e7\u00e3o de diretor\/a - Agrupamento de Escolas de Cercal do Alentejo, Santiago do Cac\u00e9m - AGSE","og_description":"Foi publicado em Di\u00e1rio da Rep\u00fablica o Aviso n.\u00ba 479920262\u00a0que determina a abertura do procedimento concursal\u00a0pr\u00e9vio \u00e0 elei\u00e7\u00e3o de diretor do Agrupamento de Escolas de Cercal do Alentejo, no concelho de Santiago do Cac\u00e9m. Nos termos do disposto nos artigos 21.\u00ba e 22.\u00ba do Decreto-Lei n.\u00ba 75\/2008, de 22 de abril, com as altera\u00e7\u00f5es introduzidas [&hellip;]","og_url":"https:\/\/agse.pt\/en\/publicitacao-de-aviso-de-abertura-de-procedimento-concursal-previo-a-eleicao-de-diretor-a-agrupamento-de-escolas-de-cercal-do-alentejo-santiago-do-cacem\/","og_site_name":"AGSE","article_published_time":"2026-03-05T17:32:13+00:00","og_image":[{"width":1687,"height":1108,"url":"https:\/\/agse.pt\/wp-content\/uploads\/2026\/03\/Imagens-AGSE-1687x1108px-18.png","type":"image\/png"}],"author":"Maria Carreira","twitter_card":"summary_large_image","twitter_misc":{"Written by":"Maria Carreira","Est. reading time":"2 minutes"},"schema":{"@context":"https:\/\/schema.org","@graph":[{"@type":"Article","@id":"https:\/\/agse.pt\/publicitacao-de-aviso-de-abertura-de-procedimento-concursal-previo-a-eleicao-de-diretor-a-agrupamento-de-escolas-de-cercal-do-alentejo-santiago-do-cacem\/#article","isPartOf":{"@id":"https:\/\/agse.pt\/publicitacao-de-aviso-de-abertura-de-procedimento-concursal-previo-a-eleicao-de-diretor-a-agrupamento-de-escolas-de-cercal-do-alentejo-santiago-do-cacem\/"},"author":{"name":"Maria Carreira","@id":"https:\/\/site1.dev.fccn.pt\/#\/schema\/person\/6bcdc553adac8654f5b0ba0662ce1524"},"headline":"Publicita\u00e7\u00e3o de aviso de abertura de procedimento concursal pr\u00e9vio \u00e0 elei\u00e7\u00e3o de diretor\/a &#8211; Agrupamento de Escolas de Cercal do Alentejo, Santiago do Cac\u00e9m","datePublished":"2026-03-05T17:32:13+00:00","mainEntityOfPage":{"@id":"https:\/\/agse.pt\/publicitacao-de-aviso-de-abertura-de-procedimento-concursal-previo-a-eleicao-de-diretor-a-agrupamento-de-escolas-de-cercal-do-alentejo-santiago-do-cacem\/"},"wordCount":262,"image":{"@id":"https:\/\/agse.pt\/publicitacao-de-aviso-de-abertura-de-procedimento-concursal-previo-a-eleicao-de-diretor-a-agrupamento-de-escolas-de-cercal-do-alentejo-santiago-do-cacem\/#primaryimage"},"thumbnailUrl":"https:\/\/agse.pt\/wp-content\/uploads\/2026\/03\/Imagens-AGSE-1687x1108px-18.png","articleSection":["Not\u00edcias"],"inLanguage":"en-GB"},{"@type":"WebPage","@id":"https:\/\/agse.pt\/publicitacao-de-aviso-de-abertura-de-procedimento-concursal-previo-a-eleicao-de-diretor-a-agrupamento-de-escolas-de-cercal-do-alentejo-santiago-do-cacem\/","url":"https:\/\/agse.pt\/publicitacao-de-aviso-de-abertura-de-procedimento-concursal-previo-a-eleicao-de-diretor-a-agrupamento-de-escolas-de-cercal-do-alentejo-santiago-do-cacem\/","name":"Publicita\u00e7\u00e3o de aviso de abertura de procedimento concursal pr\u00e9vio \u00e0 elei\u00e7\u00e3o de diretor\/a - Agrupamento de Escolas de Cercal do Alentejo, Santiago do Cac\u00e9m - AGSE","isPartOf":{"@id":"https:\/\/site1.dev.fccn.pt\/#website"},"primaryImageOfPage":{"@id":"https:\/\/agse.pt\/publicitacao-de-aviso-de-abertura-de-procedimento-concursal-previo-a-eleicao-de-diretor-a-agrupamento-de-escolas-de-cercal-do-alentejo-santiago-do-cacem\/#primaryimage"},"image":{"@id":"https:\/\/agse.pt\/publicitacao-de-aviso-de-abertura-de-procedimento-concursal-previo-a-eleicao-de-diretor-a-agrupamento-de-escolas-de-cercal-do-alentejo-santiago-do-cacem\/#primaryimage"},"thumbnailUrl":"https:\/\/agse.pt\/wp-content\/uploads\/2026\/03\/Imagens-AGSE-1687x1108px-18.png","datePublished":"2026-03-05T17:32:13+00:00","author":{"@id":"https:\/\/site1.dev.fccn.pt\/#\/schema\/person\/6bcdc553adac8654f5b0ba0662ce1524"},"breadcrumb":{"@id":"https:\/\/agse.pt\/publicitacao-de-aviso-de-abertura-de-procedimento-concursal-previo-a-eleicao-de-diretor-a-agrupamento-de-escolas-de-cercal-do-alentejo-santiago-do-cacem\/#breadcrumb"},"inLanguage":"en-GB","potentialAction":[{"@type":"ReadAction","target":["https:\/\/agse.pt\/publicitacao-de-aviso-de-abertura-de-procedimento-concursal-previo-a-eleicao-de-diretor-a-agrupamento-de-escolas-de-cercal-do-alentejo-santiago-do-cacem\/"]}]},{"@type":"ImageObject","inLanguage":"en-GB","@id":"https:\/\/agse.pt\/publicitacao-de-aviso-de-abertura-de-procedimento-concursal-previo-a-eleicao-de-diretor-a-agrupamento-de-escolas-de-cercal-do-alentejo-santiago-do-cacem\/#primaryimage","url":"https:\/\/agse.pt\/wp-content\/uploads\/2026\/03\/Imagens-AGSE-1687x1108px-18.png","contentUrl":"https:\/\/agse.pt\/wp-content\/uploads\/2026\/03\/Imagens-AGSE-1687x1108px-18.png","width":1687,"height":1108},{"@type":"BreadcrumbList","@id":"https:\/\/agse.pt\/publicitacao-de-aviso-de-abertura-de-procedimento-concursal-previo-a-eleicao-de-diretor-a-agrupamento-de-escolas-de-cercal-do-alentejo-santiago-do-cacem\/#breadcrumb","itemListElement":[{"@type":"ListItem","position":1,"name":"Home","item":"https:\/\/agse.pt\/"},{"@type":"ListItem","position":2,"name":"Publicita\u00e7\u00e3o de aviso de abertura de procedimento concursal pr\u00e9vio \u00e0 elei\u00e7\u00e3o de diretor\/a &#8211; Agrupamento de Escolas de Cercal do Alentejo, Santiago do Cac\u00e9m"}]},{"@type":"WebSite","@id":"https:\/\/site1.dev.fccn.pt\/#website","url":"https:\/\/site1.dev.fccn.pt\/","name":"AGSE","description":"Agency for the Management of the Education System","potentialAction":[{"@type":"SearchAction","target":{"@type":"EntryPoint","urlTemplate":"https:\/\/site1.dev.fccn.pt\/?s={search_term_string}"},"query-input":{"@type":"PropertyValueSpecification","valueRequired":true,"valueName":"search_term_string"}}],"inLanguage":"en-GB"},{"@type":"Person","@id":"https:\/\/site1.dev.fccn.pt\/#\/schema\/person\/6bcdc553adac8654f5b0ba0662ce1524","name":"Maria Carreira","image":{"@type":"ImageObject","inLanguage":"en-GB","@id":"https:\/\/secure.gravatar.com\/avatar\/9595b1a4b57244bf452cb61369d2f24814e8d979d2bc912f845150616ac58914?s=96&d=mm&r=g","url":"https:\/\/secure.gravatar.com\/avatar\/9595b1a4b57244bf452cb61369d2f24814e8d979d2bc912f845150616ac58914?s=96&d=mm&r=g","contentUrl":"https:\/\/secure.gravatar.com\/avatar\/9595b1a4b57244bf452cb61369d2f24814e8d979d2bc912f845150616ac58914?s=96&d=mm&r=g","caption":"Maria Carreira"},"url":"https:\/\/agse.pt\/en\/author\/maria-carreirafccn-pt\/"}]}},"_links":{"self":[{"href":"https:\/\/agse.pt\/en\/wp-json\/wp\/v2\/posts\/3857","targetHints":{"allow":["GET"]}}],"collection":[{"href":"https:\/\/agse.pt\/en\/wp-json\/wp\/v2\/posts"}],"about":[{"href":"https:\/\/agse.pt\/en\/wp-json\/wp\/v2\/types\/post"}],"author":[{"embeddable":true,"href":"https:\/\/agse.pt\/en\/wp-json\/wp\/v2\/users\/11"}],"replies":[{"embeddable":true,"href":"https:\/\/agse.pt\/en\/wp-json\/wp\/v2\/comments?post=3857"}],"version-history":[{"count":1,"href":"https:\/\/agse.pt\/en\/wp-json\/wp\/v2\/posts\/3857\/revisions"}],"predecessor-version":[{"id":3860,"href":"https:\/\/agse.pt\/en\/wp-json\/wp\/v2\/posts\/3857\/revisions\/3860"}],"wp:featuredmedia":[{"embeddable":true,"href":"https:\/\/agse.pt\/en\/wp-json\/wp\/v2\/media\/3859"}],"wp:attachment":[{"href":"https:\/\/agse.pt\/en\/wp-json\/wp\/v2\/media?parent=3857"}],"wp:term":[{"taxonomy":"category","embeddable":true,"href":"https:\/\/agse.pt\/en\/wp-json\/wp\/v2\/categories?post=3857"},{"taxonomy":"post_tag","embeddable":true,"href":"https:\/\/agse.pt\/en\/wp-json\/wp\/v2\/tags?post=3857"}],"curies":[{"name":"wp","href":"https:\/\/api.w.org\/{rel}","templated":true}]}}