{"id":4056,"date":"2026-03-13T15:33:27","date_gmt":"2026-03-13T15:33:27","guid":{"rendered":"https:\/\/agse.pt\/?p=4056"},"modified":"2026-03-13T15:48:25","modified_gmt":"2026-03-13T15:48:25","slug":"publicitacao-de-aviso-de-abertura-de-procedimento-concursal-previo-a-eleicao-de-diretor-a-agrupamento-de-escolas-de-vila-de-rei","status":"publish","type":"post","link":"https:\/\/agse.pt\/en\/publicitacao-de-aviso-de-abertura-de-procedimento-concursal-previo-a-eleicao-de-diretor-a-agrupamento-de-escolas-de-vila-de-rei\/","title":{"rendered":"Public notice of the opening of a competitive procedure prior to the election of a director \u2013 Vila de Rei School Group"},"content":{"rendered":"<h2>Opening of a competitive procedure prior to the election of the director of the Vila de Rei School Group.<\/h2>\n<p data-start=\"291\" data-end=\"504\">It was published in the Official Gazette. <a href=\"https:\/\/agse.pt\/wp-content\/uploads\/2026\/03\/Aviso-n.o-557220262.pdf\">Notice No. 557220262<\/a>\u00a0which determines the opening of the competitive procedure prior to the election of the Director of\u00a0<strong data-start=\"440\" data-end=\"481\"><span class=\"hover:entity-accent entity-underline inline cursor-pointer align-baseline\"><span class=\"whitespace-normal\">Vila de Rei School Group<\/span><\/span><\/strong>.<\/p>\n<p data-start=\"506\" data-end=\"804\">The procedure runs for a period of\u00a0<strong data-start=\"543\" data-end=\"560\">15 business days<\/strong>, starting from the day following the publication of the notice, and falls within the provisions of articles 21 and 22 of\u00a0<strong data-start=\"667\" data-end=\"708\"><span class=\"hover:entity-accent entity-underline inline cursor-pointer align-baseline\"><span class=\"whitespace-normal\">Decree-Law No. 75\/2008<\/span><\/span><\/strong>, of April 22, as amended by\u00a0<strong data-start=\"747\" data-end=\"788\"><span class=\"hover:entity-accent entity-underline inline cursor-pointer align-baseline\"><span class=\"whitespace-normal\">Decree-Law No. 137\/2012<\/span><\/span><\/strong>, July 2nd.<\/p>\n<h3 data-start=\"602\" data-end=\"884\">Requirements and application process<\/h3>\n<p data-start=\"1749\" data-end=\"1926\">The application must be formalized by <strong data-start=\"1793\" data-end=\"1890\">Request addressed to the President of the General Council of the Vila de Rei School Group<\/strong>, in a proprietary template provided:<\/p>\n<ul data-start=\"1928\" data-end=\"2063\">\n<li data-section-id=\"xpj8ye\" data-start=\"1928\" data-end=\"1968\">\n<p data-start=\"1930\" data-end=\"1968\">on the Group&#039;s website;<\/p>\n<\/li>\n<li data-section-id=\"1a0ehrn\" data-start=\"1969\" data-end=\"2063\">\n<p data-start=\"1971\" data-end=\"2063\">in the administrative services of the main school building \u2013 <strong data-start=\"2017\" data-end=\"2062\">Vila de Rei Basic and Secondary School<\/strong>.<\/p>\n<\/li>\n<\/ul>\n<p data-start=\"2065\" data-end=\"2261\">Applications can be submitted in person or mailed. <strong data-start=\"2129\" data-end=\"2175\">by registered mail with return receipt requested<\/strong>, until the last working day of the competition period.<\/p>\n<p data-start=\"2292\" data-end=\"2403\">The application must be accompanied by several documents, under penalty of exclusion, namely:<\/p>\n<ul data-start=\"2405\" data-end=\"2956\">\n<li data-section-id=\"b8wicc\" data-start=\"2405\" data-end=\"2490\">\n<p data-start=\"2407\" data-end=\"2490\"><strong data-start=\"2407\" data-end=\"2437\">Detailed curriculum vitae<\/strong>, updated, dated and signed, with supporting documents;<\/p>\n<\/li>\n<li data-section-id=\"19qys6c\" data-start=\"2491\" data-end=\"2668\">\n<p data-start=\"2493\" data-end=\"2668\"><strong data-start=\"2493\" data-end=\"2538\">Intervention Project for the Grouping<\/strong>, including identifying the diagnosed problems, defining the mission, goals and lines of action, as well as the resources to be mobilized;<\/p>\n<\/li>\n<li data-section-id=\"1oo2ima\" data-start=\"2669\" data-end=\"2768\">\n<p data-start=\"2671\" data-end=\"2768\"><strong data-start=\"2671\" data-end=\"2699\">Supporting documents<\/strong> based on category, employment status, length of service, and performance evaluation;<\/p>\n<\/li>\n<li data-section-id=\"1io5bax\" data-start=\"2769\" data-end=\"2829\">\n<p data-start=\"2771\" data-end=\"2829\"><strong data-start=\"2771\" data-end=\"2793\">Biographical record<\/strong> e <strong data-start=\"2796\" data-end=\"2826\">copy of citizen card<\/strong>;<\/p>\n<\/li>\n<li data-section-id=\"1axbxyj\" data-start=\"2830\" data-end=\"2956\">\n<p data-start=\"2832\" data-end=\"2956\">Other elements that the candidate considers relevant for the assessment of their merit.<\/p>\n<\/li>\n<\/ul>\n<p data-start=\"2958\" data-end=\"3146\">The documents relating to <strong data-start=\"2985\" data-end=\"3005\">curriculum vitae<\/strong> and to <strong data-start=\"3011\" data-end=\"3037\">intervention project<\/strong> must be delivered <strong data-start=\"3058\" data-end=\"3105\">in paper format and in digital format (PDF)<\/strong>.<\/p>\n<h3>Evaluation of applications<\/h3>\n<p data-start=\"3180\" data-end=\"3335\">The evaluation of applications will be carried out by a <strong data-start=\"3233\" data-end=\"3277\">specialized committee of the General Council<\/strong>, in accordance with the rules of the competitive selection process.<\/p>\n<p data-start=\"3337\" data-end=\"3392\">The evaluation will take into account, among other aspects:<\/p>\n<ul data-start=\"3394\" data-end=\"3644\">\n<li data-section-id=\"e10vj6\" data-start=\"3394\" data-end=\"3445\">\n<p data-start=\"3396\" data-end=\"3445\">a <strong data-start=\"3398\" data-end=\"3429\">analysis of the curriculum vitae<\/strong> of the candidate;<\/p>\n<\/li>\n<li data-section-id=\"1cvstwu\" data-start=\"3446\" data-end=\"3502\">\n<p data-start=\"3448\" data-end=\"3502\">a <strong data-start=\"3450\" data-end=\"3487\">analysis of the intervention project<\/strong> presented;<\/p>\n<\/li>\n<li data-section-id=\"9jzrqi\" data-start=\"3503\" data-end=\"3644\">\n<p data-start=\"3505\" data-end=\"3644\">a <strong data-start=\"3507\" data-end=\"3521\">interview<\/strong>, designed to assess the candidate&#039;s suitability for the role of director.<\/p>\n<\/li>\n<\/ul>\n<p data-start=\"3646\" data-end=\"3890\">The provisional list of admitted and excluded candidates will be <strong data-start=\"3707\" data-end=\"3792\">posted on the premises of the group and published on its website.<\/strong>, this being the method of notifying candidates.<\/p>\n<p data-start=\"2121\" data-end=\"2176\">.<\/p>","protected":false},"excerpt":{"rendered":"<p>Abertura de procedimento concursal pr\u00e9vio a elei\u00e7\u00e3o do(a) diretor(a) do Agrupamento de Escolas de Vila de Rei. Foi publicado em Di\u00e1rio da Rep\u00fablica o Aviso n.\u00ba 557220262\u00a0que determina a abertura do procedimento concursal pr\u00e9vio \u00e0 elei\u00e7\u00e3o do(a) Diretor(a) do\u00a0Agrupamento de Escolas de Vila de Rei. O procedimento decorre pelo prazo de\u00a015 dias \u00fateis, a contar [&hellip;]<\/p>\n","protected":false},"author":11,"featured_media":4058,"comment_status":"closed","ping_status":"open","sticky":false,"template":"","format":"standard","meta":{"_acf_changed":false,"footnotes":""},"categories":[5],"tags":[],"class_list":["post-4056","post","type-post","status-publish","format-standard","has-post-thumbnail","hentry","category-noticias"],"acf":[],"yoast_head":"<!-- This site is optimized with the Yoast SEO plugin v27.5 - https:\/\/yoast.com\/product\/yoast-seo-wordpress\/ -->\n<title>Publicita\u00e7\u00e3o de aviso de abertura de procedimento concursal pr\u00e9vio \u00e0 elei\u00e7\u00e3o de diretor\/a - Agrupamento de Escolas de Vila de Rei - AGSE<\/title>\n<meta name=\"robots\" content=\"index, follow, max-snippet:-1, max-image-preview:large, max-video-preview:-1\" \/>\n<link rel=\"canonical\" href=\"https:\/\/agse.pt\/en\/publicitacao-de-aviso-de-abertura-de-procedimento-concursal-previo-a-eleicao-de-diretor-a-agrupamento-de-escolas-de-vila-de-rei\/\" \/>\n<meta property=\"og:locale\" content=\"en_GB\" \/>\n<meta property=\"og:type\" content=\"article\" \/>\n<meta property=\"og:title\" content=\"Publicita\u00e7\u00e3o de aviso de abertura de procedimento concursal pr\u00e9vio \u00e0 elei\u00e7\u00e3o de diretor\/a - Agrupamento de Escolas de Vila de Rei - AGSE\" \/>\n<meta property=\"og:description\" content=\"Abertura de procedimento concursal pr\u00e9vio a elei\u00e7\u00e3o do(a) diretor(a) do Agrupamento de Escolas de Vila de Rei. Foi publicado em Di\u00e1rio da Rep\u00fablica o Aviso n.\u00ba 557220262\u00a0que determina a abertura do procedimento concursal pr\u00e9vio \u00e0 elei\u00e7\u00e3o do(a) Diretor(a) do\u00a0Agrupamento de Escolas de Vila de Rei. O procedimento decorre pelo prazo de\u00a015 dias \u00fateis, a contar [&hellip;]\" \/>\n<meta property=\"og:url\" content=\"https:\/\/agse.pt\/en\/publicitacao-de-aviso-de-abertura-de-procedimento-concursal-previo-a-eleicao-de-diretor-a-agrupamento-de-escolas-de-vila-de-rei\/\" \/>\n<meta property=\"og:site_name\" content=\"AGSE\" \/>\n<meta property=\"article:published_time\" content=\"2026-03-13T15:33:27+00:00\" \/>\n<meta property=\"article:modified_time\" content=\"2026-03-13T15:48:25+00:00\" \/>\n<meta property=\"og:image\" content=\"https:\/\/agse.pt\/wp-content\/uploads\/2026\/03\/Imagens-AGSE-1687x1108px-23.png\" \/>\n\t<meta property=\"og:image:width\" content=\"1687\" \/>\n\t<meta property=\"og:image:height\" content=\"1108\" \/>\n\t<meta property=\"og:image:type\" content=\"image\/png\" \/>\n<meta name=\"author\" content=\"Maria Carreira\" \/>\n<meta name=\"twitter:card\" content=\"summary_large_image\" \/>\n<meta name=\"twitter:label1\" content=\"Written by\" \/>\n\t<meta name=\"twitter:data1\" content=\"Maria Carreira\" \/>\n\t<meta name=\"twitter:label2\" content=\"Est. reading time\" \/>\n\t<meta name=\"twitter:data2\" content=\"3 minutes\" \/>\n<script type=\"application\/ld+json\" class=\"yoast-schema-graph\">{\"@context\":\"https:\\\/\\\/schema.org\",\"@graph\":[{\"@type\":\"Article\",\"@id\":\"https:\\\/\\\/agse.pt\\\/publicitacao-de-aviso-de-abertura-de-procedimento-concursal-previo-a-eleicao-de-diretor-a-agrupamento-de-escolas-de-vila-de-rei\\\/#article\",\"isPartOf\":{\"@id\":\"https:\\\/\\\/agse.pt\\\/publicitacao-de-aviso-de-abertura-de-procedimento-concursal-previo-a-eleicao-de-diretor-a-agrupamento-de-escolas-de-vila-de-rei\\\/\"},\"author\":{\"name\":\"Maria Carreira\",\"@id\":\"https:\\\/\\\/site1.dev.fccn.pt\\\/#\\\/schema\\\/person\\\/6bcdc553adac8654f5b0ba0662ce1524\"},\"headline\":\"Publicita\u00e7\u00e3o de aviso de abertura de procedimento concursal pr\u00e9vio \u00e0 elei\u00e7\u00e3o de diretor\\\/a &#8211; Agrupamento de Escolas de Vila de Rei\",\"datePublished\":\"2026-03-13T15:33:27+00:00\",\"dateModified\":\"2026-03-13T15:48:25+00:00\",\"mainEntityOfPage\":{\"@id\":\"https:\\\/\\\/agse.pt\\\/publicitacao-de-aviso-de-abertura-de-procedimento-concursal-previo-a-eleicao-de-diretor-a-agrupamento-de-escolas-de-vila-de-rei\\\/\"},\"wordCount\":427,\"image\":{\"@id\":\"https:\\\/\\\/agse.pt\\\/publicitacao-de-aviso-de-abertura-de-procedimento-concursal-previo-a-eleicao-de-diretor-a-agrupamento-de-escolas-de-vila-de-rei\\\/#primaryimage\"},\"thumbnailUrl\":\"https:\\\/\\\/agse.pt\\\/wp-content\\\/uploads\\\/2026\\\/03\\\/Imagens-AGSE-1687x1108px-23.png\",\"articleSection\":[\"Not\u00edcias\"],\"inLanguage\":\"en-GB\"},{\"@type\":\"WebPage\",\"@id\":\"https:\\\/\\\/agse.pt\\\/publicitacao-de-aviso-de-abertura-de-procedimento-concursal-previo-a-eleicao-de-diretor-a-agrupamento-de-escolas-de-vila-de-rei\\\/\",\"url\":\"https:\\\/\\\/agse.pt\\\/publicitacao-de-aviso-de-abertura-de-procedimento-concursal-previo-a-eleicao-de-diretor-a-agrupamento-de-escolas-de-vila-de-rei\\\/\",\"name\":\"Publicita\u00e7\u00e3o de aviso de abertura de procedimento concursal pr\u00e9vio \u00e0 elei\u00e7\u00e3o de diretor\\\/a - Agrupamento de Escolas de Vila de Rei - AGSE\",\"isPartOf\":{\"@id\":\"https:\\\/\\\/site1.dev.fccn.pt\\\/#website\"},\"primaryImageOfPage\":{\"@id\":\"https:\\\/\\\/agse.pt\\\/publicitacao-de-aviso-de-abertura-de-procedimento-concursal-previo-a-eleicao-de-diretor-a-agrupamento-de-escolas-de-vila-de-rei\\\/#primaryimage\"},\"image\":{\"@id\":\"https:\\\/\\\/agse.pt\\\/publicitacao-de-aviso-de-abertura-de-procedimento-concursal-previo-a-eleicao-de-diretor-a-agrupamento-de-escolas-de-vila-de-rei\\\/#primaryimage\"},\"thumbnailUrl\":\"https:\\\/\\\/agse.pt\\\/wp-content\\\/uploads\\\/2026\\\/03\\\/Imagens-AGSE-1687x1108px-23.png\",\"datePublished\":\"2026-03-13T15:33:27+00:00\",\"dateModified\":\"2026-03-13T15:48:25+00:00\",\"author\":{\"@id\":\"https:\\\/\\\/site1.dev.fccn.pt\\\/#\\\/schema\\\/person\\\/6bcdc553adac8654f5b0ba0662ce1524\"},\"breadcrumb\":{\"@id\":\"https:\\\/\\\/agse.pt\\\/publicitacao-de-aviso-de-abertura-de-procedimento-concursal-previo-a-eleicao-de-diretor-a-agrupamento-de-escolas-de-vila-de-rei\\\/#breadcrumb\"},\"inLanguage\":\"en-GB\",\"potentialAction\":[{\"@type\":\"ReadAction\",\"target\":[\"https:\\\/\\\/agse.pt\\\/publicitacao-de-aviso-de-abertura-de-procedimento-concursal-previo-a-eleicao-de-diretor-a-agrupamento-de-escolas-de-vila-de-rei\\\/\"]}]},{\"@type\":\"ImageObject\",\"inLanguage\":\"en-GB\",\"@id\":\"https:\\\/\\\/agse.pt\\\/publicitacao-de-aviso-de-abertura-de-procedimento-concursal-previo-a-eleicao-de-diretor-a-agrupamento-de-escolas-de-vila-de-rei\\\/#primaryimage\",\"url\":\"https:\\\/\\\/agse.pt\\\/wp-content\\\/uploads\\\/2026\\\/03\\\/Imagens-AGSE-1687x1108px-23.png\",\"contentUrl\":\"https:\\\/\\\/agse.pt\\\/wp-content\\\/uploads\\\/2026\\\/03\\\/Imagens-AGSE-1687x1108px-23.png\",\"width\":1687,\"height\":1108,\"caption\":\"Imagem institucional da AGSE, com fundo branco e elementos gr\u00e1ficos geom\u00e9tricos em azul e verde \u00e0 direita. O texto principal apresenta \u201cDiretor(a)\u201d e, por baixo, \u201cAgrupamento de Escolas de Vila de Rei\u201d. No canto superior direito encontra-se o log\u00f3tipo da AGSE.\"},{\"@type\":\"BreadcrumbList\",\"@id\":\"https:\\\/\\\/agse.pt\\\/publicitacao-de-aviso-de-abertura-de-procedimento-concursal-previo-a-eleicao-de-diretor-a-agrupamento-de-escolas-de-vila-de-rei\\\/#breadcrumb\",\"itemListElement\":[{\"@type\":\"ListItem\",\"position\":1,\"name\":\"Home\",\"item\":\"https:\\\/\\\/agse.pt\\\/\"},{\"@type\":\"ListItem\",\"position\":2,\"name\":\"Publicita\u00e7\u00e3o de aviso de abertura de procedimento concursal pr\u00e9vio \u00e0 elei\u00e7\u00e3o de diretor\\\/a &#8211; Agrupamento de Escolas de Vila de Rei\"}]},{\"@type\":\"WebSite\",\"@id\":\"https:\\\/\\\/site1.dev.fccn.pt\\\/#website\",\"url\":\"https:\\\/\\\/site1.dev.fccn.pt\\\/\",\"name\":\"AGSE\",\"description\":\"Ag\u00eancia para a Gest\u00e3o do Sistema Educativo\",\"potentialAction\":[{\"@type\":\"SearchAction\",\"target\":{\"@type\":\"EntryPoint\",\"urlTemplate\":\"https:\\\/\\\/site1.dev.fccn.pt\\\/?s={search_term_string}\"},\"query-input\":{\"@type\":\"PropertyValueSpecification\",\"valueRequired\":true,\"valueName\":\"search_term_string\"}}],\"inLanguage\":\"en-GB\"},{\"@type\":\"Person\",\"@id\":\"https:\\\/\\\/site1.dev.fccn.pt\\\/#\\\/schema\\\/person\\\/6bcdc553adac8654f5b0ba0662ce1524\",\"name\":\"Maria Carreira\",\"image\":{\"@type\":\"ImageObject\",\"inLanguage\":\"en-GB\",\"@id\":\"https:\\\/\\\/secure.gravatar.com\\\/avatar\\\/9595b1a4b57244bf452cb61369d2f24814e8d979d2bc912f845150616ac58914?s=96&d=mm&r=g\",\"url\":\"https:\\\/\\\/secure.gravatar.com\\\/avatar\\\/9595b1a4b57244bf452cb61369d2f24814e8d979d2bc912f845150616ac58914?s=96&d=mm&r=g\",\"contentUrl\":\"https:\\\/\\\/secure.gravatar.com\\\/avatar\\\/9595b1a4b57244bf452cb61369d2f24814e8d979d2bc912f845150616ac58914?s=96&d=mm&r=g\",\"caption\":\"Maria Carreira\"},\"url\":\"https:\\\/\\\/agse.pt\\\/en\\\/author\\\/maria-carreirafccn-pt\\\/\"}]}<\/script>\n<!-- \/ Yoast SEO plugin. -->","yoast_head_json":{"title":"Publicita\u00e7\u00e3o de aviso de abertura de procedimento concursal pr\u00e9vio \u00e0 elei\u00e7\u00e3o de diretor\/a - Agrupamento de Escolas de Vila de Rei - AGSE","robots":{"index":"index","follow":"follow","max-snippet":"max-snippet:-1","max-image-preview":"max-image-preview:large","max-video-preview":"max-video-preview:-1"},"canonical":"https:\/\/agse.pt\/en\/publicitacao-de-aviso-de-abertura-de-procedimento-concursal-previo-a-eleicao-de-diretor-a-agrupamento-de-escolas-de-vila-de-rei\/","og_locale":"en_GB","og_type":"article","og_title":"Publicita\u00e7\u00e3o de aviso de abertura de procedimento concursal pr\u00e9vio \u00e0 elei\u00e7\u00e3o de diretor\/a - Agrupamento de Escolas de Vila de Rei - AGSE","og_description":"Abertura de procedimento concursal pr\u00e9vio a elei\u00e7\u00e3o do(a) diretor(a) do Agrupamento de Escolas de Vila de Rei. Foi publicado em Di\u00e1rio da Rep\u00fablica o Aviso n.\u00ba 557220262\u00a0que determina a abertura do procedimento concursal pr\u00e9vio \u00e0 elei\u00e7\u00e3o do(a) Diretor(a) do\u00a0Agrupamento de Escolas de Vila de Rei. O procedimento decorre pelo prazo de\u00a015 dias \u00fateis, a contar [&hellip;]","og_url":"https:\/\/agse.pt\/en\/publicitacao-de-aviso-de-abertura-de-procedimento-concursal-previo-a-eleicao-de-diretor-a-agrupamento-de-escolas-de-vila-de-rei\/","og_site_name":"AGSE","article_published_time":"2026-03-13T15:33:27+00:00","article_modified_time":"2026-03-13T15:48:25+00:00","og_image":[{"width":1687,"height":1108,"url":"https:\/\/agse.pt\/wp-content\/uploads\/2026\/03\/Imagens-AGSE-1687x1108px-23.png","type":"image\/png"}],"author":"Maria Carreira","twitter_card":"summary_large_image","twitter_misc":{"Written by":"Maria Carreira","Est. reading time":"3 minutes"},"schema":{"@context":"https:\/\/schema.org","@graph":[{"@type":"Article","@id":"https:\/\/agse.pt\/publicitacao-de-aviso-de-abertura-de-procedimento-concursal-previo-a-eleicao-de-diretor-a-agrupamento-de-escolas-de-vila-de-rei\/#article","isPartOf":{"@id":"https:\/\/agse.pt\/publicitacao-de-aviso-de-abertura-de-procedimento-concursal-previo-a-eleicao-de-diretor-a-agrupamento-de-escolas-de-vila-de-rei\/"},"author":{"name":"Maria Carreira","@id":"https:\/\/site1.dev.fccn.pt\/#\/schema\/person\/6bcdc553adac8654f5b0ba0662ce1524"},"headline":"Publicita\u00e7\u00e3o de aviso de abertura de procedimento concursal pr\u00e9vio \u00e0 elei\u00e7\u00e3o de diretor\/a &#8211; Agrupamento de Escolas de Vila de Rei","datePublished":"2026-03-13T15:33:27+00:00","dateModified":"2026-03-13T15:48:25+00:00","mainEntityOfPage":{"@id":"https:\/\/agse.pt\/publicitacao-de-aviso-de-abertura-de-procedimento-concursal-previo-a-eleicao-de-diretor-a-agrupamento-de-escolas-de-vila-de-rei\/"},"wordCount":427,"image":{"@id":"https:\/\/agse.pt\/publicitacao-de-aviso-de-abertura-de-procedimento-concursal-previo-a-eleicao-de-diretor-a-agrupamento-de-escolas-de-vila-de-rei\/#primaryimage"},"thumbnailUrl":"https:\/\/agse.pt\/wp-content\/uploads\/2026\/03\/Imagens-AGSE-1687x1108px-23.png","articleSection":["Not\u00edcias"],"inLanguage":"en-GB"},{"@type":"WebPage","@id":"https:\/\/agse.pt\/publicitacao-de-aviso-de-abertura-de-procedimento-concursal-previo-a-eleicao-de-diretor-a-agrupamento-de-escolas-de-vila-de-rei\/","url":"https:\/\/agse.pt\/publicitacao-de-aviso-de-abertura-de-procedimento-concursal-previo-a-eleicao-de-diretor-a-agrupamento-de-escolas-de-vila-de-rei\/","name":"Publicita\u00e7\u00e3o de aviso de abertura de procedimento concursal pr\u00e9vio \u00e0 elei\u00e7\u00e3o de diretor\/a - Agrupamento de Escolas de Vila de Rei - AGSE","isPartOf":{"@id":"https:\/\/site1.dev.fccn.pt\/#website"},"primaryImageOfPage":{"@id":"https:\/\/agse.pt\/publicitacao-de-aviso-de-abertura-de-procedimento-concursal-previo-a-eleicao-de-diretor-a-agrupamento-de-escolas-de-vila-de-rei\/#primaryimage"},"image":{"@id":"https:\/\/agse.pt\/publicitacao-de-aviso-de-abertura-de-procedimento-concursal-previo-a-eleicao-de-diretor-a-agrupamento-de-escolas-de-vila-de-rei\/#primaryimage"},"thumbnailUrl":"https:\/\/agse.pt\/wp-content\/uploads\/2026\/03\/Imagens-AGSE-1687x1108px-23.png","datePublished":"2026-03-13T15:33:27+00:00","dateModified":"2026-03-13T15:48:25+00:00","author":{"@id":"https:\/\/site1.dev.fccn.pt\/#\/schema\/person\/6bcdc553adac8654f5b0ba0662ce1524"},"breadcrumb":{"@id":"https:\/\/agse.pt\/publicitacao-de-aviso-de-abertura-de-procedimento-concursal-previo-a-eleicao-de-diretor-a-agrupamento-de-escolas-de-vila-de-rei\/#breadcrumb"},"inLanguage":"en-GB","potentialAction":[{"@type":"ReadAction","target":["https:\/\/agse.pt\/publicitacao-de-aviso-de-abertura-de-procedimento-concursal-previo-a-eleicao-de-diretor-a-agrupamento-de-escolas-de-vila-de-rei\/"]}]},{"@type":"ImageObject","inLanguage":"en-GB","@id":"https:\/\/agse.pt\/publicitacao-de-aviso-de-abertura-de-procedimento-concursal-previo-a-eleicao-de-diretor-a-agrupamento-de-escolas-de-vila-de-rei\/#primaryimage","url":"https:\/\/agse.pt\/wp-content\/uploads\/2026\/03\/Imagens-AGSE-1687x1108px-23.png","contentUrl":"https:\/\/agse.pt\/wp-content\/uploads\/2026\/03\/Imagens-AGSE-1687x1108px-23.png","width":1687,"height":1108,"caption":"Imagem institucional da AGSE, com fundo branco e elementos gr\u00e1ficos geom\u00e9tricos em azul e verde \u00e0 direita. O texto principal apresenta \u201cDiretor(a)\u201d e, por baixo, \u201cAgrupamento de Escolas de Vila de Rei\u201d. No canto superior direito encontra-se o log\u00f3tipo da AGSE."},{"@type":"BreadcrumbList","@id":"https:\/\/agse.pt\/publicitacao-de-aviso-de-abertura-de-procedimento-concursal-previo-a-eleicao-de-diretor-a-agrupamento-de-escolas-de-vila-de-rei\/#breadcrumb","itemListElement":[{"@type":"ListItem","position":1,"name":"Home","item":"https:\/\/agse.pt\/"},{"@type":"ListItem","position":2,"name":"Publicita\u00e7\u00e3o de aviso de abertura de procedimento concursal pr\u00e9vio \u00e0 elei\u00e7\u00e3o de diretor\/a &#8211; Agrupamento de Escolas de Vila de Rei"}]},{"@type":"WebSite","@id":"https:\/\/site1.dev.fccn.pt\/#website","url":"https:\/\/site1.dev.fccn.pt\/","name":"AGSE","description":"Agency for the Management of the Education System","potentialAction":[{"@type":"SearchAction","target":{"@type":"EntryPoint","urlTemplate":"https:\/\/site1.dev.fccn.pt\/?s={search_term_string}"},"query-input":{"@type":"PropertyValueSpecification","valueRequired":true,"valueName":"search_term_string"}}],"inLanguage":"en-GB"},{"@type":"Person","@id":"https:\/\/site1.dev.fccn.pt\/#\/schema\/person\/6bcdc553adac8654f5b0ba0662ce1524","name":"Maria Carreira","image":{"@type":"ImageObject","inLanguage":"en-GB","@id":"https:\/\/secure.gravatar.com\/avatar\/9595b1a4b57244bf452cb61369d2f24814e8d979d2bc912f845150616ac58914?s=96&d=mm&r=g","url":"https:\/\/secure.gravatar.com\/avatar\/9595b1a4b57244bf452cb61369d2f24814e8d979d2bc912f845150616ac58914?s=96&d=mm&r=g","contentUrl":"https:\/\/secure.gravatar.com\/avatar\/9595b1a4b57244bf452cb61369d2f24814e8d979d2bc912f845150616ac58914?s=96&d=mm&r=g","caption":"Maria Carreira"},"url":"https:\/\/agse.pt\/en\/author\/maria-carreirafccn-pt\/"}]}},"_links":{"self":[{"href":"https:\/\/agse.pt\/en\/wp-json\/wp\/v2\/posts\/4056","targetHints":{"allow":["GET"]}}],"collection":[{"href":"https:\/\/agse.pt\/en\/wp-json\/wp\/v2\/posts"}],"about":[{"href":"https:\/\/agse.pt\/en\/wp-json\/wp\/v2\/types\/post"}],"author":[{"embeddable":true,"href":"https:\/\/agse.pt\/en\/wp-json\/wp\/v2\/users\/11"}],"replies":[{"embeddable":true,"href":"https:\/\/agse.pt\/en\/wp-json\/wp\/v2\/comments?post=4056"}],"version-history":[{"count":1,"href":"https:\/\/agse.pt\/en\/wp-json\/wp\/v2\/posts\/4056\/revisions"}],"predecessor-version":[{"id":4059,"href":"https:\/\/agse.pt\/en\/wp-json\/wp\/v2\/posts\/4056\/revisions\/4059"}],"wp:featuredmedia":[{"embeddable":true,"href":"https:\/\/agse.pt\/en\/wp-json\/wp\/v2\/media\/4058"}],"wp:attachment":[{"href":"https:\/\/agse.pt\/en\/wp-json\/wp\/v2\/media?parent=4056"}],"wp:term":[{"taxonomy":"category","embeddable":true,"href":"https:\/\/agse.pt\/en\/wp-json\/wp\/v2\/categories?post=4056"},{"taxonomy":"post_tag","embeddable":true,"href":"https:\/\/agse.pt\/en\/wp-json\/wp\/v2\/tags?post=4056"}],"curies":[{"name":"wp","href":"https:\/\/api.w.org\/{rel}","templated":true}]}}