{"id":4060,"date":"2026-03-13T15:44:32","date_gmt":"2026-03-13T15:44:32","guid":{"rendered":"https:\/\/agse.pt\/?p=4060"},"modified":"2026-03-13T15:44:32","modified_gmt":"2026-03-13T15:44:32","slug":"publicitacao-de-aviso-de-abertura-de-procedimento-concursal-previo-a-eleicao-de-diretor-a-escola-profissional-agricola-eng-o-silva-nunes-celorico-de-basto","status":"publish","type":"post","link":"https:\/\/agse.pt\/en\/publicitacao-de-aviso-de-abertura-de-procedimento-concursal-previo-a-eleicao-de-diretor-a-escola-profissional-agricola-eng-o-silva-nunes-celorico-de-basto\/","title":{"rendered":"Public notice of the opening of a competitive procedure prior to the election of a director \u2013 Escola Profissional Agr\u00edcola Eng.\u00ba Silva Nunes, Celorico de Basto"},"content":{"rendered":"<h2>Opening of a competitive procedure prior to the election of the director of the Eng.\u00ba Silva Nunes Agricultural Professional School, Celorico de Basto.<\/h2>\n<p data-start=\"291\" data-end=\"504\">It was published in the Official Gazette. <a href=\"https:\/\/agse.pt\/wp-content\/uploads\/2026\/03\/Aviso-n.o-5574_2026_2.pdf\">Notice No. 5574_2026_2<\/a> which determines the opening of the competitive procedure prior to the election of the Director of <strong>Agricultural Professional School Eng.\u00ba Silva Nunes<\/strong>, in <strong>Celorico de Basto<\/strong>.<\/p>\n<p data-start=\"506\" data-end=\"804\">The procedure runs for a period of\u00a0<strong data-start=\"543\" data-end=\"560\">10 business days<\/strong>, starting from the day following the publication of the notice, and falls within the provisions of articles 21 and 22 of\u00a0<strong data-start=\"667\" data-end=\"708\"><span class=\"hover:entity-accent entity-underline inline cursor-pointer align-baseline\"><span class=\"whitespace-normal\">Decree-Law No. 75\/2008<\/span><\/span><\/strong>, of April 22, as amended by\u00a0<strong data-start=\"747\" data-end=\"788\"><span class=\"hover:entity-accent entity-underline inline cursor-pointer align-baseline\"><span class=\"whitespace-normal\">Decree-Law No. 137\/2012<\/span><\/span><\/strong>, July 2nd.<\/p>\n<h3 data-start=\"602\" data-end=\"884\">Requirements and application process<\/h3>\n<p data-start=\"932\" data-end=\"1078\">The admission requirements for the competitive selection process are those established in <strong data-start=\"1174\" data-end=\"1249\">Nos. 3, 4 and 5 of Article 21 of Decree-Law No. 75\/2008, of April 22<\/strong>, as amended by <strong data-start=\"1275\" data-end=\"1318\">Decree-Law No. 137\/2012, of July 2<\/strong>.<\/p>\n<p data-start=\"1394\" data-end=\"1612\">Applications must be formalized by <strong data-start=\"1442\" data-end=\"1499\">request addressed to the President of the General Council<\/strong>, in a specific template available on the website of <strong data-start=\"1559\" data-end=\"1609\">Agricultural Professional School Eng.\u00ba Silva Nunes<\/strong>.<\/p>\n<p data-start=\"1614\" data-end=\"1849\">Applications can be submitted <strong data-start=\"1650\" data-end=\"1708\">in person at the school&#039;s Administrative Offices<\/strong> or sent <strong data-start=\"1721\" data-end=\"1767\">by registered mail with return receipt requested<\/strong>, dispatched before the deadline.<\/p>\n<p data-start=\"1880\" data-end=\"1979\">The application must be accompanied by the following documents, under penalty of exclusion:<\/p>\n<ul data-start=\"1981\" data-end=\"2691\">\n<li data-section-id=\"1hytf8\" data-start=\"1981\" data-end=\"2108\">\n<p data-start=\"1983\" data-end=\"2108\"><strong data-start=\"1983\" data-end=\"2013\">Detailed curriculum vitae<\/strong>, updated, dated and signed, indicating the functions performed and professional training;<\/p>\n<\/li>\n<li data-section-id=\"h2omb9\" data-start=\"2109\" data-end=\"2312\">\n<p data-start=\"2111\" data-end=\"2312\"><strong data-start=\"2111\" data-end=\"2147\">School Intervention Project<\/strong>, including identifying the problems, defining the mission, goals and main guidelines for action, as well as the strategic plan to be developed during the term of office;<\/p>\n<\/li>\n<li data-section-id=\"1sy80zk\" data-start=\"2313\" data-end=\"2424\">\n<p data-start=\"2315\" data-end=\"2424\"><strong data-start=\"2315\" data-end=\"2364\">Declaration authenticated by the originating service.<\/strong>, proving the category, the employment relationship and the length of service;<\/p>\n<\/li>\n<li data-section-id=\"z0382o\" data-start=\"2425\" data-end=\"2540\">\n<p data-start=\"2427\" data-end=\"2540\"><strong data-start=\"2427\" data-end=\"2481\">Document proving academic qualifications<\/strong> and other certificates relating to professional status;<\/p>\n<\/li>\n<li data-section-id=\"3wfz6s\" data-start=\"2541\" data-end=\"2691\">\n<p data-start=\"2543\" data-end=\"2691\">Other duly documented elements that the candidate considers relevant for the assessment of their merit.<\/p>\n<\/li>\n<\/ul>\n<p data-start=\"2693\" data-end=\"2858\">The application must be submitted. <strong data-start=\"2725\" data-end=\"2743\">in duplicate<\/strong>, one on paper and the other in <strong data-start=\"2777\" data-end=\"2817\">digital format (PDF) on pen drive<\/strong>.<\/p>\n<h3>Evaluation of applications<\/h3>\n<p data-start=\"2892\" data-end=\"3158\">The evaluation of applications is carried out by <strong data-start=\"2939\" data-end=\"2957\">General Council<\/strong>, in accordance with what is established in <strong data-start=\"2991\" data-end=\"3051\">Article 22-B of Decree-Law No. 75\/2008, of April 22<\/strong>, in the wording given by <strong data-start=\"3074\" data-end=\"3117\">Decree-Law No. 137\/2012, of July 2<\/strong>.<\/p>\n<p data-start=\"3160\" data-end=\"3208\">The following will be considered in the evaluation, in particular:<\/p>\n<ul data-start=\"3210\" data-end=\"3599\">\n<li data-section-id=\"3v797t\" data-start=\"3210\" data-end=\"3324\">\n<p data-start=\"3212\" data-end=\"3324\">a <strong data-start=\"3214\" data-end=\"3245\">analysis of the curriculum vitae<\/strong>, taking into account its relevance to the performance of the duties of a director;<\/p>\n<\/li>\n<li data-section-id=\"aouj7z\" data-start=\"3325\" data-end=\"3599\">\n<p data-start=\"3327\" data-end=\"3599\">a <strong data-start=\"3329\" data-end=\"3366\">analysis of the intervention project<\/strong>, evaluating the coherence between the identified problems, the proposed strategies, and the candidate&#039;s personal and professional skills, based on the documentation submitted and the interview.<\/p>\n<\/li>\n<\/ul>\n<p data-start=\"3601\" data-end=\"3764\">The rules for the competitive selection process can be consulted at <strong data-start=\"3664\" data-end=\"3695\">school website<\/strong>, where it is published.<\/p>","protected":false},"excerpt":{"rendered":"<p>Abertura de procedimento concursal pr\u00e9vio a elei\u00e7\u00e3o do(a) diretor(a) do Escola Profissional Agr\u00edcola Eng.\u00ba Silva Nunes, Celorico de Basto Foi publicado em Di\u00e1rio da Rep\u00fablica o Aviso n.\u00ba 5574_2026_2 que determina a abertura do procedimento concursal pr\u00e9vio \u00e0 elei\u00e7\u00e3o do(a) Diretor(a) do Escola Profissional Agr\u00edcola Eng.\u00ba Silva Nunes, em Celorico de Basto. O procedimento decorre [&hellip;]<\/p>\n","protected":false},"author":11,"featured_media":4061,"comment_status":"closed","ping_status":"open","sticky":false,"template":"","format":"standard","meta":{"_acf_changed":false,"footnotes":""},"categories":[5],"tags":[],"class_list":["post-4060","post","type-post","status-publish","format-standard","has-post-thumbnail","hentry","category-noticias"],"acf":[],"yoast_head":"<!-- This site is optimized with the Yoast SEO plugin v27.5 - https:\/\/yoast.com\/product\/yoast-seo-wordpress\/ -->\n<title>Publicita\u00e7\u00e3o de aviso de abertura de procedimento concursal pr\u00e9vio \u00e0 elei\u00e7\u00e3o de diretor\/a \u2013 Escola Profissional Agr\u00edcola Eng.\u00ba Silva Nunes, Celorico de Basto - AGSE<\/title>\n<meta name=\"robots\" content=\"index, follow, max-snippet:-1, max-image-preview:large, max-video-preview:-1\" \/>\n<link rel=\"canonical\" href=\"https:\/\/agse.pt\/en\/publicitacao-de-aviso-de-abertura-de-procedimento-concursal-previo-a-eleicao-de-diretor-a-escola-profissional-agricola-eng-o-silva-nunes-celorico-de-basto\/\" \/>\n<meta property=\"og:locale\" content=\"en_GB\" \/>\n<meta property=\"og:type\" content=\"article\" \/>\n<meta property=\"og:title\" content=\"Publicita\u00e7\u00e3o de aviso de abertura de procedimento concursal pr\u00e9vio \u00e0 elei\u00e7\u00e3o de diretor\/a \u2013 Escola Profissional Agr\u00edcola Eng.\u00ba Silva Nunes, Celorico de Basto - AGSE\" \/>\n<meta property=\"og:description\" content=\"Abertura de procedimento concursal pr\u00e9vio a elei\u00e7\u00e3o do(a) diretor(a) do Escola Profissional Agr\u00edcola Eng.\u00ba Silva Nunes, Celorico de Basto Foi publicado em Di\u00e1rio da Rep\u00fablica o Aviso n.\u00ba 5574_2026_2 que determina a abertura do procedimento concursal pr\u00e9vio \u00e0 elei\u00e7\u00e3o do(a) Diretor(a) do Escola Profissional Agr\u00edcola Eng.\u00ba Silva Nunes, em Celorico de Basto. O procedimento decorre [&hellip;]\" \/>\n<meta property=\"og:url\" content=\"https:\/\/agse.pt\/en\/publicitacao-de-aviso-de-abertura-de-procedimento-concursal-previo-a-eleicao-de-diretor-a-escola-profissional-agricola-eng-o-silva-nunes-celorico-de-basto\/\" \/>\n<meta property=\"og:site_name\" content=\"AGSE\" \/>\n<meta property=\"article:published_time\" content=\"2026-03-13T15:44:32+00:00\" \/>\n<meta property=\"og:image\" content=\"https:\/\/agse.pt\/wp-content\/uploads\/2026\/03\/Imagens-AGSE-1687x1108px-24.png\" \/>\n\t<meta property=\"og:image:width\" content=\"1687\" \/>\n\t<meta property=\"og:image:height\" content=\"1108\" \/>\n\t<meta property=\"og:image:type\" content=\"image\/png\" \/>\n<meta name=\"author\" content=\"Maria Carreira\" \/>\n<meta name=\"twitter:card\" content=\"summary_large_image\" \/>\n<meta name=\"twitter:label1\" content=\"Written by\" \/>\n\t<meta name=\"twitter:data1\" content=\"Maria Carreira\" \/>\n\t<meta name=\"twitter:label2\" content=\"Est. reading time\" \/>\n\t<meta name=\"twitter:data2\" content=\"3 minutes\" \/>\n<script type=\"application\/ld+json\" class=\"yoast-schema-graph\">{\"@context\":\"https:\\\/\\\/schema.org\",\"@graph\":[{\"@type\":\"Article\",\"@id\":\"https:\\\/\\\/agse.pt\\\/publicitacao-de-aviso-de-abertura-de-procedimento-concursal-previo-a-eleicao-de-diretor-a-escola-profissional-agricola-eng-o-silva-nunes-celorico-de-basto\\\/#article\",\"isPartOf\":{\"@id\":\"https:\\\/\\\/agse.pt\\\/publicitacao-de-aviso-de-abertura-de-procedimento-concursal-previo-a-eleicao-de-diretor-a-escola-profissional-agricola-eng-o-silva-nunes-celorico-de-basto\\\/\"},\"author\":{\"name\":\"Maria Carreira\",\"@id\":\"https:\\\/\\\/site1.dev.fccn.pt\\\/#\\\/schema\\\/person\\\/6bcdc553adac8654f5b0ba0662ce1524\"},\"headline\":\"Publicita\u00e7\u00e3o de aviso de abertura de procedimento concursal pr\u00e9vio \u00e0 elei\u00e7\u00e3o de diretor\\\/a \u2013 Escola Profissional Agr\u00edcola Eng.\u00ba Silva Nunes, Celorico de Basto\",\"datePublished\":\"2026-03-13T15:44:32+00:00\",\"mainEntityOfPage\":{\"@id\":\"https:\\\/\\\/agse.pt\\\/publicitacao-de-aviso-de-abertura-de-procedimento-concursal-previo-a-eleicao-de-diretor-a-escola-profissional-agricola-eng-o-silva-nunes-celorico-de-basto\\\/\"},\"wordCount\":497,\"image\":{\"@id\":\"https:\\\/\\\/agse.pt\\\/publicitacao-de-aviso-de-abertura-de-procedimento-concursal-previo-a-eleicao-de-diretor-a-escola-profissional-agricola-eng-o-silva-nunes-celorico-de-basto\\\/#primaryimage\"},\"thumbnailUrl\":\"https:\\\/\\\/agse.pt\\\/wp-content\\\/uploads\\\/2026\\\/03\\\/Imagens-AGSE-1687x1108px-24.png\",\"articleSection\":[\"Not\u00edcias\"],\"inLanguage\":\"en-GB\"},{\"@type\":\"WebPage\",\"@id\":\"https:\\\/\\\/agse.pt\\\/publicitacao-de-aviso-de-abertura-de-procedimento-concursal-previo-a-eleicao-de-diretor-a-escola-profissional-agricola-eng-o-silva-nunes-celorico-de-basto\\\/\",\"url\":\"https:\\\/\\\/agse.pt\\\/publicitacao-de-aviso-de-abertura-de-procedimento-concursal-previo-a-eleicao-de-diretor-a-escola-profissional-agricola-eng-o-silva-nunes-celorico-de-basto\\\/\",\"name\":\"Publicita\u00e7\u00e3o de aviso de abertura de procedimento concursal pr\u00e9vio \u00e0 elei\u00e7\u00e3o de diretor\\\/a \u2013 Escola Profissional Agr\u00edcola Eng.\u00ba Silva Nunes, Celorico de Basto - AGSE\",\"isPartOf\":{\"@id\":\"https:\\\/\\\/site1.dev.fccn.pt\\\/#website\"},\"primaryImageOfPage\":{\"@id\":\"https:\\\/\\\/agse.pt\\\/publicitacao-de-aviso-de-abertura-de-procedimento-concursal-previo-a-eleicao-de-diretor-a-escola-profissional-agricola-eng-o-silva-nunes-celorico-de-basto\\\/#primaryimage\"},\"image\":{\"@id\":\"https:\\\/\\\/agse.pt\\\/publicitacao-de-aviso-de-abertura-de-procedimento-concursal-previo-a-eleicao-de-diretor-a-escola-profissional-agricola-eng-o-silva-nunes-celorico-de-basto\\\/#primaryimage\"},\"thumbnailUrl\":\"https:\\\/\\\/agse.pt\\\/wp-content\\\/uploads\\\/2026\\\/03\\\/Imagens-AGSE-1687x1108px-24.png\",\"datePublished\":\"2026-03-13T15:44:32+00:00\",\"author\":{\"@id\":\"https:\\\/\\\/site1.dev.fccn.pt\\\/#\\\/schema\\\/person\\\/6bcdc553adac8654f5b0ba0662ce1524\"},\"breadcrumb\":{\"@id\":\"https:\\\/\\\/agse.pt\\\/publicitacao-de-aviso-de-abertura-de-procedimento-concursal-previo-a-eleicao-de-diretor-a-escola-profissional-agricola-eng-o-silva-nunes-celorico-de-basto\\\/#breadcrumb\"},\"inLanguage\":\"en-GB\",\"potentialAction\":[{\"@type\":\"ReadAction\",\"target\":[\"https:\\\/\\\/agse.pt\\\/publicitacao-de-aviso-de-abertura-de-procedimento-concursal-previo-a-eleicao-de-diretor-a-escola-profissional-agricola-eng-o-silva-nunes-celorico-de-basto\\\/\"]}]},{\"@type\":\"ImageObject\",\"inLanguage\":\"en-GB\",\"@id\":\"https:\\\/\\\/agse.pt\\\/publicitacao-de-aviso-de-abertura-de-procedimento-concursal-previo-a-eleicao-de-diretor-a-escola-profissional-agricola-eng-o-silva-nunes-celorico-de-basto\\\/#primaryimage\",\"url\":\"https:\\\/\\\/agse.pt\\\/wp-content\\\/uploads\\\/2026\\\/03\\\/Imagens-AGSE-1687x1108px-24.png\",\"contentUrl\":\"https:\\\/\\\/agse.pt\\\/wp-content\\\/uploads\\\/2026\\\/03\\\/Imagens-AGSE-1687x1108px-24.png\",\"width\":1687,\"height\":1108,\"caption\":\"Imagem institucional da AGSE, com fundo branco e formas geom\u00e9tricas em azul e verde \u00e0 direita. O texto apresenta \u201cDiretor(a)\u201d e, por baixo, \u201cEscola Profissional Agr\u00edcola Eng.\u00ba Silva Nunes, Celorico de Basto\u201d. No canto superior direito surge o log\u00f3tipo da AGSE.\"},{\"@type\":\"BreadcrumbList\",\"@id\":\"https:\\\/\\\/agse.pt\\\/publicitacao-de-aviso-de-abertura-de-procedimento-concursal-previo-a-eleicao-de-diretor-a-escola-profissional-agricola-eng-o-silva-nunes-celorico-de-basto\\\/#breadcrumb\",\"itemListElement\":[{\"@type\":\"ListItem\",\"position\":1,\"name\":\"Home\",\"item\":\"https:\\\/\\\/agse.pt\\\/\"},{\"@type\":\"ListItem\",\"position\":2,\"name\":\"Publicita\u00e7\u00e3o de aviso de abertura de procedimento concursal pr\u00e9vio \u00e0 elei\u00e7\u00e3o de diretor\\\/a \u2013 Escola Profissional Agr\u00edcola Eng.\u00ba Silva Nunes, Celorico de Basto\"}]},{\"@type\":\"WebSite\",\"@id\":\"https:\\\/\\\/site1.dev.fccn.pt\\\/#website\",\"url\":\"https:\\\/\\\/site1.dev.fccn.pt\\\/\",\"name\":\"AGSE\",\"description\":\"Ag\u00eancia para a Gest\u00e3o do Sistema Educativo\",\"potentialAction\":[{\"@type\":\"SearchAction\",\"target\":{\"@type\":\"EntryPoint\",\"urlTemplate\":\"https:\\\/\\\/site1.dev.fccn.pt\\\/?s={search_term_string}\"},\"query-input\":{\"@type\":\"PropertyValueSpecification\",\"valueRequired\":true,\"valueName\":\"search_term_string\"}}],\"inLanguage\":\"en-GB\"},{\"@type\":\"Person\",\"@id\":\"https:\\\/\\\/site1.dev.fccn.pt\\\/#\\\/schema\\\/person\\\/6bcdc553adac8654f5b0ba0662ce1524\",\"name\":\"Maria Carreira\",\"image\":{\"@type\":\"ImageObject\",\"inLanguage\":\"en-GB\",\"@id\":\"https:\\\/\\\/secure.gravatar.com\\\/avatar\\\/9595b1a4b57244bf452cb61369d2f24814e8d979d2bc912f845150616ac58914?s=96&d=mm&r=g\",\"url\":\"https:\\\/\\\/secure.gravatar.com\\\/avatar\\\/9595b1a4b57244bf452cb61369d2f24814e8d979d2bc912f845150616ac58914?s=96&d=mm&r=g\",\"contentUrl\":\"https:\\\/\\\/secure.gravatar.com\\\/avatar\\\/9595b1a4b57244bf452cb61369d2f24814e8d979d2bc912f845150616ac58914?s=96&d=mm&r=g\",\"caption\":\"Maria Carreira\"},\"url\":\"https:\\\/\\\/agse.pt\\\/en\\\/author\\\/maria-carreirafccn-pt\\\/\"}]}<\/script>\n<!-- \/ Yoast SEO plugin. -->","yoast_head_json":{"title":"Public notice of the opening of a competitive procedure prior to the election of a director \u2013 Escola Profissional Agr\u00edcola Eng.\u00ba Silva Nunes, Celorico de Basto - AGSE","robots":{"index":"index","follow":"follow","max-snippet":"max-snippet:-1","max-image-preview":"max-image-preview:large","max-video-preview":"max-video-preview:-1"},"canonical":"https:\/\/agse.pt\/en\/publicitacao-de-aviso-de-abertura-de-procedimento-concursal-previo-a-eleicao-de-diretor-a-escola-profissional-agricola-eng-o-silva-nunes-celorico-de-basto\/","og_locale":"en_GB","og_type":"article","og_title":"Publicita\u00e7\u00e3o de aviso de abertura de procedimento concursal pr\u00e9vio \u00e0 elei\u00e7\u00e3o de diretor\/a \u2013 Escola Profissional Agr\u00edcola Eng.\u00ba Silva Nunes, Celorico de Basto - AGSE","og_description":"Abertura de procedimento concursal pr\u00e9vio a elei\u00e7\u00e3o do(a) diretor(a) do Escola Profissional Agr\u00edcola Eng.\u00ba Silva Nunes, Celorico de Basto Foi publicado em Di\u00e1rio da Rep\u00fablica o Aviso n.\u00ba 5574_2026_2 que determina a abertura do procedimento concursal pr\u00e9vio \u00e0 elei\u00e7\u00e3o do(a) Diretor(a) do Escola Profissional Agr\u00edcola Eng.\u00ba Silva Nunes, em Celorico de Basto. O procedimento decorre [&hellip;]","og_url":"https:\/\/agse.pt\/en\/publicitacao-de-aviso-de-abertura-de-procedimento-concursal-previo-a-eleicao-de-diretor-a-escola-profissional-agricola-eng-o-silva-nunes-celorico-de-basto\/","og_site_name":"AGSE","article_published_time":"2026-03-13T15:44:32+00:00","og_image":[{"width":1687,"height":1108,"url":"https:\/\/agse.pt\/wp-content\/uploads\/2026\/03\/Imagens-AGSE-1687x1108px-24.png","type":"image\/png"}],"author":"Maria Carreira","twitter_card":"summary_large_image","twitter_misc":{"Written by":"Maria Carreira","Est. reading time":"3 minutes"},"schema":{"@context":"https:\/\/schema.org","@graph":[{"@type":"Article","@id":"https:\/\/agse.pt\/publicitacao-de-aviso-de-abertura-de-procedimento-concursal-previo-a-eleicao-de-diretor-a-escola-profissional-agricola-eng-o-silva-nunes-celorico-de-basto\/#article","isPartOf":{"@id":"https:\/\/agse.pt\/publicitacao-de-aviso-de-abertura-de-procedimento-concursal-previo-a-eleicao-de-diretor-a-escola-profissional-agricola-eng-o-silva-nunes-celorico-de-basto\/"},"author":{"name":"Maria Carreira","@id":"https:\/\/site1.dev.fccn.pt\/#\/schema\/person\/6bcdc553adac8654f5b0ba0662ce1524"},"headline":"Publicita\u00e7\u00e3o de aviso de abertura de procedimento concursal pr\u00e9vio \u00e0 elei\u00e7\u00e3o de diretor\/a \u2013 Escola Profissional Agr\u00edcola Eng.\u00ba Silva Nunes, Celorico de Basto","datePublished":"2026-03-13T15:44:32+00:00","mainEntityOfPage":{"@id":"https:\/\/agse.pt\/publicitacao-de-aviso-de-abertura-de-procedimento-concursal-previo-a-eleicao-de-diretor-a-escola-profissional-agricola-eng-o-silva-nunes-celorico-de-basto\/"},"wordCount":497,"image":{"@id":"https:\/\/agse.pt\/publicitacao-de-aviso-de-abertura-de-procedimento-concursal-previo-a-eleicao-de-diretor-a-escola-profissional-agricola-eng-o-silva-nunes-celorico-de-basto\/#primaryimage"},"thumbnailUrl":"https:\/\/agse.pt\/wp-content\/uploads\/2026\/03\/Imagens-AGSE-1687x1108px-24.png","articleSection":["Not\u00edcias"],"inLanguage":"en-GB"},{"@type":"WebPage","@id":"https:\/\/agse.pt\/publicitacao-de-aviso-de-abertura-de-procedimento-concursal-previo-a-eleicao-de-diretor-a-escola-profissional-agricola-eng-o-silva-nunes-celorico-de-basto\/","url":"https:\/\/agse.pt\/publicitacao-de-aviso-de-abertura-de-procedimento-concursal-previo-a-eleicao-de-diretor-a-escola-profissional-agricola-eng-o-silva-nunes-celorico-de-basto\/","name":"Public notice of the opening of a competitive procedure prior to the election of a director \u2013 Escola Profissional Agr\u00edcola Eng.\u00ba Silva Nunes, Celorico de Basto - AGSE","isPartOf":{"@id":"https:\/\/site1.dev.fccn.pt\/#website"},"primaryImageOfPage":{"@id":"https:\/\/agse.pt\/publicitacao-de-aviso-de-abertura-de-procedimento-concursal-previo-a-eleicao-de-diretor-a-escola-profissional-agricola-eng-o-silva-nunes-celorico-de-basto\/#primaryimage"},"image":{"@id":"https:\/\/agse.pt\/publicitacao-de-aviso-de-abertura-de-procedimento-concursal-previo-a-eleicao-de-diretor-a-escola-profissional-agricola-eng-o-silva-nunes-celorico-de-basto\/#primaryimage"},"thumbnailUrl":"https:\/\/agse.pt\/wp-content\/uploads\/2026\/03\/Imagens-AGSE-1687x1108px-24.png","datePublished":"2026-03-13T15:44:32+00:00","author":{"@id":"https:\/\/site1.dev.fccn.pt\/#\/schema\/person\/6bcdc553adac8654f5b0ba0662ce1524"},"breadcrumb":{"@id":"https:\/\/agse.pt\/publicitacao-de-aviso-de-abertura-de-procedimento-concursal-previo-a-eleicao-de-diretor-a-escola-profissional-agricola-eng-o-silva-nunes-celorico-de-basto\/#breadcrumb"},"inLanguage":"en-GB","potentialAction":[{"@type":"ReadAction","target":["https:\/\/agse.pt\/publicitacao-de-aviso-de-abertura-de-procedimento-concursal-previo-a-eleicao-de-diretor-a-escola-profissional-agricola-eng-o-silva-nunes-celorico-de-basto\/"]}]},{"@type":"ImageObject","inLanguage":"en-GB","@id":"https:\/\/agse.pt\/publicitacao-de-aviso-de-abertura-de-procedimento-concursal-previo-a-eleicao-de-diretor-a-escola-profissional-agricola-eng-o-silva-nunes-celorico-de-basto\/#primaryimage","url":"https:\/\/agse.pt\/wp-content\/uploads\/2026\/03\/Imagens-AGSE-1687x1108px-24.png","contentUrl":"https:\/\/agse.pt\/wp-content\/uploads\/2026\/03\/Imagens-AGSE-1687x1108px-24.png","width":1687,"height":1108,"caption":"Imagem institucional da AGSE, com fundo branco e formas geom\u00e9tricas em azul e verde \u00e0 direita. O texto apresenta \u201cDiretor(a)\u201d e, por baixo, \u201cEscola Profissional Agr\u00edcola Eng.\u00ba Silva Nunes, Celorico de Basto\u201d. No canto superior direito surge o log\u00f3tipo da AGSE."},{"@type":"BreadcrumbList","@id":"https:\/\/agse.pt\/publicitacao-de-aviso-de-abertura-de-procedimento-concursal-previo-a-eleicao-de-diretor-a-escola-profissional-agricola-eng-o-silva-nunes-celorico-de-basto\/#breadcrumb","itemListElement":[{"@type":"ListItem","position":1,"name":"Home","item":"https:\/\/agse.pt\/"},{"@type":"ListItem","position":2,"name":"Publicita\u00e7\u00e3o de aviso de abertura de procedimento concursal pr\u00e9vio \u00e0 elei\u00e7\u00e3o de diretor\/a \u2013 Escola Profissional Agr\u00edcola Eng.\u00ba Silva Nunes, Celorico de Basto"}]},{"@type":"WebSite","@id":"https:\/\/site1.dev.fccn.pt\/#website","url":"https:\/\/site1.dev.fccn.pt\/","name":"AGSE","description":"Agency for the Management of the Education System","potentialAction":[{"@type":"SearchAction","target":{"@type":"EntryPoint","urlTemplate":"https:\/\/site1.dev.fccn.pt\/?s={search_term_string}"},"query-input":{"@type":"PropertyValueSpecification","valueRequired":true,"valueName":"search_term_string"}}],"inLanguage":"en-GB"},{"@type":"Person","@id":"https:\/\/site1.dev.fccn.pt\/#\/schema\/person\/6bcdc553adac8654f5b0ba0662ce1524","name":"Maria Carreira","image":{"@type":"ImageObject","inLanguage":"en-GB","@id":"https:\/\/secure.gravatar.com\/avatar\/9595b1a4b57244bf452cb61369d2f24814e8d979d2bc912f845150616ac58914?s=96&d=mm&r=g","url":"https:\/\/secure.gravatar.com\/avatar\/9595b1a4b57244bf452cb61369d2f24814e8d979d2bc912f845150616ac58914?s=96&d=mm&r=g","contentUrl":"https:\/\/secure.gravatar.com\/avatar\/9595b1a4b57244bf452cb61369d2f24814e8d979d2bc912f845150616ac58914?s=96&d=mm&r=g","caption":"Maria Carreira"},"url":"https:\/\/agse.pt\/en\/author\/maria-carreirafccn-pt\/"}]}},"_links":{"self":[{"href":"https:\/\/agse.pt\/en\/wp-json\/wp\/v2\/posts\/4060","targetHints":{"allow":["GET"]}}],"collection":[{"href":"https:\/\/agse.pt\/en\/wp-json\/wp\/v2\/posts"}],"about":[{"href":"https:\/\/agse.pt\/en\/wp-json\/wp\/v2\/types\/post"}],"author":[{"embeddable":true,"href":"https:\/\/agse.pt\/en\/wp-json\/wp\/v2\/users\/11"}],"replies":[{"embeddable":true,"href":"https:\/\/agse.pt\/en\/wp-json\/wp\/v2\/comments?post=4060"}],"version-history":[{"count":2,"href":"https:\/\/agse.pt\/en\/wp-json\/wp\/v2\/posts\/4060\/revisions"}],"predecessor-version":[{"id":4064,"href":"https:\/\/agse.pt\/en\/wp-json\/wp\/v2\/posts\/4060\/revisions\/4064"}],"wp:featuredmedia":[{"embeddable":true,"href":"https:\/\/agse.pt\/en\/wp-json\/wp\/v2\/media\/4061"}],"wp:attachment":[{"href":"https:\/\/agse.pt\/en\/wp-json\/wp\/v2\/media?parent=4060"}],"wp:term":[{"taxonomy":"category","embeddable":true,"href":"https:\/\/agse.pt\/en\/wp-json\/wp\/v2\/categories?post=4060"},{"taxonomy":"post_tag","embeddable":true,"href":"https:\/\/agse.pt\/en\/wp-json\/wp\/v2\/tags?post=4060"}],"curies":[{"name":"wp","href":"https:\/\/api.w.org\/{rel}","templated":true}]}}