{"id":5454,"date":"2026-04-15T12:17:00","date_gmt":"2026-04-15T12:17:00","guid":{"rendered":"https:\/\/agse.pt\/?p=5454"},"modified":"2026-04-15T12:17:18","modified_gmt":"2026-04-15T12:17:18","slug":"publicitacao-de-aviso-de-abertura-de-procedimento-concursal-previo-a-eleicao-de-diretor-a-agrupamento-de-escolas-de-esmoriz-ovar-norte","status":"publish","type":"post","link":"https:\/\/agse.pt\/en\/publicitacao-de-aviso-de-abertura-de-procedimento-concursal-previo-a-eleicao-de-diretor-a-agrupamento-de-escolas-de-esmoriz-ovar-norte\/","title":{"rendered":"Public notice of the opening of a competitive procedure prior to the election of a director \u2013 Esmoriz School Group, Ovar Norte"},"content":{"rendered":"<h2><strong>Opening of a competitive procedure prior to the election of the director of the Esmoriz School Group, Ovar Norte, for the four-year period 2026-2030.\u00a0<\/strong><\/h2>\n<p>It was published in the Official Gazette. <a href=\"https:\/\/agse.pt\/wp-content\/uploads\/2026\/04\/Aviso-n.o-8050_2026_2.pdf\">Notice No. 8050\/2026\/2<\/a><strong>,\u00a0<\/strong>which determines the opening of the competitive procedure prior to the election of the Director of\u00a0<strong>Group of <\/strong><strong>Schools<\/strong><strong> from Esmoriz, Ovar North.<\/strong><\/p>\n<p>In accordance with the provisions of Article 22 of Decree-Law No. 75\/2008, of April 22, as amended by Decree-Law No. 137\/2012, of July 2, it is hereby announced that the competitive procedure prior to the election of the Director of the Esmoriz Ovar Norte School Group, municipality of Ovar, is open for a period of 10 working days from the day following the publication of this notice in the Di\u00e1rio da Rep\u00fablica (Official Gazette).<\/p>\n<h3><strong>Requirements and application process<\/strong><\/h3>\n<p>Formal applications must be submitted by means of a formal application form, available at [website address]. <a href=\"http:\/\/www.ae-esmoriz-ovarnorte.pt\">Group&#039;s website <\/a>and at the Group&#039;s Administrative Services, addressed to the President of the General Council of the Esmoriz Ovar Norte School Group, and may be delivered in person to the Administrative Services of the Group&#039;s &quot;headquarters school&quot; \u2014 Esmoriz Secondary School, Rua da Casela, 3885-451 Esmoriz, during normal office hours or sent by registered mail with acknowledgment of receipt, dispatched before the deadline set for applications.<\/p>\n<p>The application for this competition must be accompanied by the following documents, otherwise the application will be disqualified:<\/p>\n<ul>\n<li><strong><em>Curriculum vitae<\/em><\/strong><strong> detailed<\/strong>, dated, signed and updated;<\/li>\n<li><strong>The documentary evidence of the elements contained in <em>curriculum vitae<\/em><\/strong>;<\/li>\n<li><strong>Intervention project for the Esmoriz school cluster.<\/strong> <strong>North Ovar<\/strong>;<\/li>\n<li><strong>A declaration authenticated by the Administrative Services where the candidate works.<\/strong>, which includes the category, the employment relationship, the length of service, the salary grade and the academic qualifications (except if the individual file is located at the Esmoriz Ovar Norte School Group);<\/li>\n<li>Candidates may also indicate <strong>other elements<\/strong>, duly <strong>proven<\/strong>, that they consider relevant for assessing its merit.<\/li>\n<\/ul>\n<p>All submitted documents must be paginated (page x of y) and initialed.<\/p>\n<h3><strong>Evaluation of applications<\/strong><\/h3>\n<p>The Specialized Committee assesses each admitted application, taking into account the following:<\/p>\n<ul>\n<li>A <strong>analysis of <em>curriculum vitae<\/em><\/strong>, aiming to assess its relevance to the performance of the Director&#039;s duties and its merit;<\/li>\n<li>A <strong>analysis of the intervention project<\/strong>, aiming to assess the relevance and coherence between the diagnosed problems, the proposed intervention strategies, and the resources to be mobilized for this purpose;<\/li>\n<li>O <strong>result of the individual interview<\/strong> conducted with the candidate.<\/li>\n<\/ul>\n<p><strong>Please note that to submit your application you should consult the respective Notice in order to proceed in accordance with the required criteria.<\/strong><\/p>","protected":false},"excerpt":{"rendered":"<p>Abertura de procedimento concursal pr\u00e9vio \u00e0 elei\u00e7\u00e3o do(a) diretor(a) do Agrupamento de Escolas de Esmoriz, Ovar Norte, para o quadri\u00e9nio 2026-2030.\u00a0 Foi publicado em Di\u00e1rio da Rep\u00fablica o Aviso n.\u00ba 8050\/2026\/2,\u00a0que determina a abertura do procedimento concursal pr\u00e9vio \u00e0 elei\u00e7\u00e3o do(a) Diretor(a) do\u00a0Agrupamento de Escolas de Esmoriz, Ovar Norte. Nos termos do disposto no artigo\u00a022.\u00ba [&hellip;]<\/p>\n","protected":false},"author":15,"featured_media":5457,"comment_status":"closed","ping_status":"open","sticky":false,"template":"","format":"standard","meta":{"_acf_changed":false,"footnotes":""},"categories":[1],"tags":[],"class_list":["post-5454","post","type-post","status-publish","format-standard","has-post-thumbnail","hentry","category-geral"],"acf":[],"yoast_head":"<!-- This site is optimized with the Yoast SEO plugin v27.4 - https:\/\/yoast.com\/product\/yoast-seo-wordpress\/ -->\n<title>Publicita\u00e7\u00e3o de aviso de abertura de procedimento concursal pr\u00e9vio \u00e0 elei\u00e7\u00e3o de diretor\/a - Agrupamento de Escolas de Esmoriz, Ovar Norte - AGSE<\/title>\n<meta name=\"robots\" content=\"index, follow, max-snippet:-1, max-image-preview:large, max-video-preview:-1\" \/>\n<link rel=\"canonical\" href=\"https:\/\/agse.pt\/en\/publicitacao-de-aviso-de-abertura-de-procedimento-concursal-previo-a-eleicao-de-diretor-a-agrupamento-de-escolas-de-esmoriz-ovar-norte\/\" \/>\n<meta property=\"og:locale\" content=\"en_GB\" \/>\n<meta property=\"og:type\" content=\"article\" \/>\n<meta property=\"og:title\" content=\"Publicita\u00e7\u00e3o de aviso de abertura de procedimento concursal pr\u00e9vio \u00e0 elei\u00e7\u00e3o de diretor\/a - Agrupamento de Escolas de Esmoriz, Ovar Norte - AGSE\" \/>\n<meta property=\"og:description\" content=\"Abertura de procedimento concursal pr\u00e9vio \u00e0 elei\u00e7\u00e3o do(a) diretor(a) do Agrupamento de Escolas de Esmoriz, Ovar Norte, para o quadri\u00e9nio 2026-2030.\u00a0 Foi publicado em Di\u00e1rio da Rep\u00fablica o Aviso n.\u00ba 8050\/2026\/2,\u00a0que determina a abertura do procedimento concursal pr\u00e9vio \u00e0 elei\u00e7\u00e3o do(a) Diretor(a) do\u00a0Agrupamento de Escolas de Esmoriz, Ovar Norte. Nos termos do disposto no artigo\u00a022.\u00ba [&hellip;]\" \/>\n<meta property=\"og:url\" content=\"https:\/\/agse.pt\/en\/publicitacao-de-aviso-de-abertura-de-procedimento-concursal-previo-a-eleicao-de-diretor-a-agrupamento-de-escolas-de-esmoriz-ovar-norte\/\" \/>\n<meta property=\"og:site_name\" content=\"AGSE\" \/>\n<meta property=\"article:published_time\" content=\"2026-04-15T12:17:00+00:00\" \/>\n<meta property=\"article:modified_time\" content=\"2026-04-15T12:17:18+00:00\" \/>\n<meta property=\"og:image\" content=\"https:\/\/agse.pt\/wp-content\/uploads\/2026\/04\/AE-Esmoriz.png\" \/>\n\t<meta property=\"og:image:width\" content=\"1687\" \/>\n\t<meta property=\"og:image:height\" content=\"1108\" \/>\n\t<meta property=\"og:image:type\" content=\"image\/png\" \/>\n<meta name=\"author\" content=\"Sandra Cordeiro\" \/>\n<meta name=\"twitter:card\" content=\"summary_large_image\" \/>\n<meta name=\"twitter:label1\" content=\"Written by\" \/>\n\t<meta name=\"twitter:data1\" content=\"Sandra Cordeiro\" \/>\n\t<meta name=\"twitter:label2\" content=\"Est. reading time\" \/>\n\t<meta name=\"twitter:data2\" content=\"3 minutes\" \/>\n<script type=\"application\/ld+json\" class=\"yoast-schema-graph\">{\"@context\":\"https:\\\/\\\/schema.org\",\"@graph\":[{\"@type\":\"Article\",\"@id\":\"https:\\\/\\\/agse.pt\\\/publicitacao-de-aviso-de-abertura-de-procedimento-concursal-previo-a-eleicao-de-diretor-a-agrupamento-de-escolas-de-esmoriz-ovar-norte\\\/#article\",\"isPartOf\":{\"@id\":\"https:\\\/\\\/agse.pt\\\/publicitacao-de-aviso-de-abertura-de-procedimento-concursal-previo-a-eleicao-de-diretor-a-agrupamento-de-escolas-de-esmoriz-ovar-norte\\\/\"},\"author\":{\"name\":\"Sandra Cordeiro\",\"@id\":\"https:\\\/\\\/site1.dev.fccn.pt\\\/#\\\/schema\\\/person\\\/ff34e4e384d67b7a32ee30356020a42f\"},\"headline\":\"Publicita\u00e7\u00e3o de aviso de abertura de procedimento concursal pr\u00e9vio \u00e0 elei\u00e7\u00e3o de diretor\\\/a &#8211; Agrupamento de Escolas de Esmoriz, Ovar Norte\",\"datePublished\":\"2026-04-15T12:17:00+00:00\",\"dateModified\":\"2026-04-15T12:17:18+00:00\",\"mainEntityOfPage\":{\"@id\":\"https:\\\/\\\/agse.pt\\\/publicitacao-de-aviso-de-abertura-de-procedimento-concursal-previo-a-eleicao-de-diretor-a-agrupamento-de-escolas-de-esmoriz-ovar-norte\\\/\"},\"wordCount\":509,\"image\":{\"@id\":\"https:\\\/\\\/agse.pt\\\/publicitacao-de-aviso-de-abertura-de-procedimento-concursal-previo-a-eleicao-de-diretor-a-agrupamento-de-escolas-de-esmoriz-ovar-norte\\\/#primaryimage\"},\"thumbnailUrl\":\"https:\\\/\\\/agse.pt\\\/wp-content\\\/uploads\\\/2026\\\/04\\\/AE-Esmoriz.png\",\"articleSection\":[\"Geral\"],\"inLanguage\":\"en-GB\"},{\"@type\":\"WebPage\",\"@id\":\"https:\\\/\\\/agse.pt\\\/publicitacao-de-aviso-de-abertura-de-procedimento-concursal-previo-a-eleicao-de-diretor-a-agrupamento-de-escolas-de-esmoriz-ovar-norte\\\/\",\"url\":\"https:\\\/\\\/agse.pt\\\/publicitacao-de-aviso-de-abertura-de-procedimento-concursal-previo-a-eleicao-de-diretor-a-agrupamento-de-escolas-de-esmoriz-ovar-norte\\\/\",\"name\":\"Publicita\u00e7\u00e3o de aviso de abertura de procedimento concursal pr\u00e9vio \u00e0 elei\u00e7\u00e3o de diretor\\\/a - Agrupamento de Escolas de Esmoriz, Ovar Norte - AGSE\",\"isPartOf\":{\"@id\":\"https:\\\/\\\/site1.dev.fccn.pt\\\/#website\"},\"primaryImageOfPage\":{\"@id\":\"https:\\\/\\\/agse.pt\\\/publicitacao-de-aviso-de-abertura-de-procedimento-concursal-previo-a-eleicao-de-diretor-a-agrupamento-de-escolas-de-esmoriz-ovar-norte\\\/#primaryimage\"},\"image\":{\"@id\":\"https:\\\/\\\/agse.pt\\\/publicitacao-de-aviso-de-abertura-de-procedimento-concursal-previo-a-eleicao-de-diretor-a-agrupamento-de-escolas-de-esmoriz-ovar-norte\\\/#primaryimage\"},\"thumbnailUrl\":\"https:\\\/\\\/agse.pt\\\/wp-content\\\/uploads\\\/2026\\\/04\\\/AE-Esmoriz.png\",\"datePublished\":\"2026-04-15T12:17:00+00:00\",\"dateModified\":\"2026-04-15T12:17:18+00:00\",\"author\":{\"@id\":\"https:\\\/\\\/site1.dev.fccn.pt\\\/#\\\/schema\\\/person\\\/ff34e4e384d67b7a32ee30356020a42f\"},\"breadcrumb\":{\"@id\":\"https:\\\/\\\/agse.pt\\\/publicitacao-de-aviso-de-abertura-de-procedimento-concursal-previo-a-eleicao-de-diretor-a-agrupamento-de-escolas-de-esmoriz-ovar-norte\\\/#breadcrumb\"},\"inLanguage\":\"en-GB\",\"potentialAction\":[{\"@type\":\"ReadAction\",\"target\":[\"https:\\\/\\\/agse.pt\\\/publicitacao-de-aviso-de-abertura-de-procedimento-concursal-previo-a-eleicao-de-diretor-a-agrupamento-de-escolas-de-esmoriz-ovar-norte\\\/\"]}]},{\"@type\":\"ImageObject\",\"inLanguage\":\"en-GB\",\"@id\":\"https:\\\/\\\/agse.pt\\\/publicitacao-de-aviso-de-abertura-de-procedimento-concursal-previo-a-eleicao-de-diretor-a-agrupamento-de-escolas-de-esmoriz-ovar-norte\\\/#primaryimage\",\"url\":\"https:\\\/\\\/agse.pt\\\/wp-content\\\/uploads\\\/2026\\\/04\\\/AE-Esmoriz.png\",\"contentUrl\":\"https:\\\/\\\/agse.pt\\\/wp-content\\\/uploads\\\/2026\\\/04\\\/AE-Esmoriz.png\",\"width\":1687,\"height\":1108,\"caption\":\"Imagem institucional da AGSE com fundo branco e formas geom\u00e9tricas em azul e verde. \u00c0 esquerda, texto: \u2018Diretor(a) \u2013 Agrupamento de Escolas de Esmoriz, Ovar Norte\u2019. No canto superior direito, log\u00f3tipo da AGSE.\"},{\"@type\":\"BreadcrumbList\",\"@id\":\"https:\\\/\\\/agse.pt\\\/publicitacao-de-aviso-de-abertura-de-procedimento-concursal-previo-a-eleicao-de-diretor-a-agrupamento-de-escolas-de-esmoriz-ovar-norte\\\/#breadcrumb\",\"itemListElement\":[{\"@type\":\"ListItem\",\"position\":1,\"name\":\"Home\",\"item\":\"https:\\\/\\\/agse.pt\\\/\"},{\"@type\":\"ListItem\",\"position\":2,\"name\":\"Publicita\u00e7\u00e3o de aviso de abertura de procedimento concursal pr\u00e9vio \u00e0 elei\u00e7\u00e3o de diretor\\\/a &#8211; Agrupamento de Escolas de Esmoriz, Ovar Norte\"}]},{\"@type\":\"WebSite\",\"@id\":\"https:\\\/\\\/site1.dev.fccn.pt\\\/#website\",\"url\":\"https:\\\/\\\/site1.dev.fccn.pt\\\/\",\"name\":\"AGSE\",\"description\":\"Ag\u00eancia para a Gest\u00e3o do Sistema Educativo\",\"potentialAction\":[{\"@type\":\"SearchAction\",\"target\":{\"@type\":\"EntryPoint\",\"urlTemplate\":\"https:\\\/\\\/site1.dev.fccn.pt\\\/?s={search_term_string}\"},\"query-input\":{\"@type\":\"PropertyValueSpecification\",\"valueRequired\":true,\"valueName\":\"search_term_string\"}}],\"inLanguage\":\"en-GB\"},{\"@type\":\"Person\",\"@id\":\"https:\\\/\\\/site1.dev.fccn.pt\\\/#\\\/schema\\\/person\\\/ff34e4e384d67b7a32ee30356020a42f\",\"name\":\"Sandra Cordeiro\",\"image\":{\"@type\":\"ImageObject\",\"inLanguage\":\"en-GB\",\"@id\":\"https:\\\/\\\/secure.gravatar.com\\\/avatar\\\/0f1d17c37f352406962a22f7a0dd07d25152bbdcf22b01c9fa416f9dd44f11c3?s=96&d=mm&r=g\",\"url\":\"https:\\\/\\\/secure.gravatar.com\\\/avatar\\\/0f1d17c37f352406962a22f7a0dd07d25152bbdcf22b01c9fa416f9dd44f11c3?s=96&d=mm&r=g\",\"contentUrl\":\"https:\\\/\\\/secure.gravatar.com\\\/avatar\\\/0f1d17c37f352406962a22f7a0dd07d25152bbdcf22b01c9fa416f9dd44f11c3?s=96&d=mm&r=g\",\"caption\":\"Sandra Cordeiro\"},\"url\":\"https:\\\/\\\/agse.pt\\\/en\\\/author\\\/sandra-cordeiro\\\/\"}]}<\/script>\n<!-- \/ Yoast SEO plugin. -->","yoast_head_json":{"title":"Publicita\u00e7\u00e3o de aviso de abertura de procedimento concursal pr\u00e9vio \u00e0 elei\u00e7\u00e3o de diretor\/a - Agrupamento de Escolas de Esmoriz, Ovar Norte - AGSE","robots":{"index":"index","follow":"follow","max-snippet":"max-snippet:-1","max-image-preview":"max-image-preview:large","max-video-preview":"max-video-preview:-1"},"canonical":"https:\/\/agse.pt\/en\/publicitacao-de-aviso-de-abertura-de-procedimento-concursal-previo-a-eleicao-de-diretor-a-agrupamento-de-escolas-de-esmoriz-ovar-norte\/","og_locale":"en_GB","og_type":"article","og_title":"Publicita\u00e7\u00e3o de aviso de abertura de procedimento concursal pr\u00e9vio \u00e0 elei\u00e7\u00e3o de diretor\/a - Agrupamento de Escolas de Esmoriz, Ovar Norte - AGSE","og_description":"Abertura de procedimento concursal pr\u00e9vio \u00e0 elei\u00e7\u00e3o do(a) diretor(a) do Agrupamento de Escolas de Esmoriz, Ovar Norte, para o quadri\u00e9nio 2026-2030.\u00a0 Foi publicado em Di\u00e1rio da Rep\u00fablica o Aviso n.\u00ba 8050\/2026\/2,\u00a0que determina a abertura do procedimento concursal pr\u00e9vio \u00e0 elei\u00e7\u00e3o do(a) Diretor(a) do\u00a0Agrupamento de Escolas de Esmoriz, Ovar Norte. Nos termos do disposto no artigo\u00a022.\u00ba [&hellip;]","og_url":"https:\/\/agse.pt\/en\/publicitacao-de-aviso-de-abertura-de-procedimento-concursal-previo-a-eleicao-de-diretor-a-agrupamento-de-escolas-de-esmoriz-ovar-norte\/","og_site_name":"AGSE","article_published_time":"2026-04-15T12:17:00+00:00","article_modified_time":"2026-04-15T12:17:18+00:00","og_image":[{"width":1687,"height":1108,"url":"https:\/\/agse.pt\/wp-content\/uploads\/2026\/04\/AE-Esmoriz.png","type":"image\/png"}],"author":"Sandra Cordeiro","twitter_card":"summary_large_image","twitter_misc":{"Written by":"Sandra Cordeiro","Est. reading time":"3 minutes"},"schema":{"@context":"https:\/\/schema.org","@graph":[{"@type":"Article","@id":"https:\/\/agse.pt\/publicitacao-de-aviso-de-abertura-de-procedimento-concursal-previo-a-eleicao-de-diretor-a-agrupamento-de-escolas-de-esmoriz-ovar-norte\/#article","isPartOf":{"@id":"https:\/\/agse.pt\/publicitacao-de-aviso-de-abertura-de-procedimento-concursal-previo-a-eleicao-de-diretor-a-agrupamento-de-escolas-de-esmoriz-ovar-norte\/"},"author":{"name":"Sandra Cordeiro","@id":"https:\/\/site1.dev.fccn.pt\/#\/schema\/person\/ff34e4e384d67b7a32ee30356020a42f"},"headline":"Publicita\u00e7\u00e3o de aviso de abertura de procedimento concursal pr\u00e9vio \u00e0 elei\u00e7\u00e3o de diretor\/a &#8211; Agrupamento de Escolas de Esmoriz, Ovar Norte","datePublished":"2026-04-15T12:17:00+00:00","dateModified":"2026-04-15T12:17:18+00:00","mainEntityOfPage":{"@id":"https:\/\/agse.pt\/publicitacao-de-aviso-de-abertura-de-procedimento-concursal-previo-a-eleicao-de-diretor-a-agrupamento-de-escolas-de-esmoriz-ovar-norte\/"},"wordCount":509,"image":{"@id":"https:\/\/agse.pt\/publicitacao-de-aviso-de-abertura-de-procedimento-concursal-previo-a-eleicao-de-diretor-a-agrupamento-de-escolas-de-esmoriz-ovar-norte\/#primaryimage"},"thumbnailUrl":"https:\/\/agse.pt\/wp-content\/uploads\/2026\/04\/AE-Esmoriz.png","articleSection":["Geral"],"inLanguage":"en-GB"},{"@type":"WebPage","@id":"https:\/\/agse.pt\/publicitacao-de-aviso-de-abertura-de-procedimento-concursal-previo-a-eleicao-de-diretor-a-agrupamento-de-escolas-de-esmoriz-ovar-norte\/","url":"https:\/\/agse.pt\/publicitacao-de-aviso-de-abertura-de-procedimento-concursal-previo-a-eleicao-de-diretor-a-agrupamento-de-escolas-de-esmoriz-ovar-norte\/","name":"Publicita\u00e7\u00e3o de aviso de abertura de procedimento concursal pr\u00e9vio \u00e0 elei\u00e7\u00e3o de diretor\/a - Agrupamento de Escolas de Esmoriz, Ovar Norte - AGSE","isPartOf":{"@id":"https:\/\/site1.dev.fccn.pt\/#website"},"primaryImageOfPage":{"@id":"https:\/\/agse.pt\/publicitacao-de-aviso-de-abertura-de-procedimento-concursal-previo-a-eleicao-de-diretor-a-agrupamento-de-escolas-de-esmoriz-ovar-norte\/#primaryimage"},"image":{"@id":"https:\/\/agse.pt\/publicitacao-de-aviso-de-abertura-de-procedimento-concursal-previo-a-eleicao-de-diretor-a-agrupamento-de-escolas-de-esmoriz-ovar-norte\/#primaryimage"},"thumbnailUrl":"https:\/\/agse.pt\/wp-content\/uploads\/2026\/04\/AE-Esmoriz.png","datePublished":"2026-04-15T12:17:00+00:00","dateModified":"2026-04-15T12:17:18+00:00","author":{"@id":"https:\/\/site1.dev.fccn.pt\/#\/schema\/person\/ff34e4e384d67b7a32ee30356020a42f"},"breadcrumb":{"@id":"https:\/\/agse.pt\/publicitacao-de-aviso-de-abertura-de-procedimento-concursal-previo-a-eleicao-de-diretor-a-agrupamento-de-escolas-de-esmoriz-ovar-norte\/#breadcrumb"},"inLanguage":"en-GB","potentialAction":[{"@type":"ReadAction","target":["https:\/\/agse.pt\/publicitacao-de-aviso-de-abertura-de-procedimento-concursal-previo-a-eleicao-de-diretor-a-agrupamento-de-escolas-de-esmoriz-ovar-norte\/"]}]},{"@type":"ImageObject","inLanguage":"en-GB","@id":"https:\/\/agse.pt\/publicitacao-de-aviso-de-abertura-de-procedimento-concursal-previo-a-eleicao-de-diretor-a-agrupamento-de-escolas-de-esmoriz-ovar-norte\/#primaryimage","url":"https:\/\/agse.pt\/wp-content\/uploads\/2026\/04\/AE-Esmoriz.png","contentUrl":"https:\/\/agse.pt\/wp-content\/uploads\/2026\/04\/AE-Esmoriz.png","width":1687,"height":1108,"caption":"Imagem institucional da AGSE com fundo branco e formas geom\u00e9tricas em azul e verde. \u00c0 esquerda, texto: \u2018Diretor(a) \u2013 Agrupamento de Escolas de Esmoriz, Ovar Norte\u2019. No canto superior direito, log\u00f3tipo da AGSE."},{"@type":"BreadcrumbList","@id":"https:\/\/agse.pt\/publicitacao-de-aviso-de-abertura-de-procedimento-concursal-previo-a-eleicao-de-diretor-a-agrupamento-de-escolas-de-esmoriz-ovar-norte\/#breadcrumb","itemListElement":[{"@type":"ListItem","position":1,"name":"Home","item":"https:\/\/agse.pt\/"},{"@type":"ListItem","position":2,"name":"Publicita\u00e7\u00e3o de aviso de abertura de procedimento concursal pr\u00e9vio \u00e0 elei\u00e7\u00e3o de diretor\/a &#8211; Agrupamento de Escolas de Esmoriz, Ovar Norte"}]},{"@type":"WebSite","@id":"https:\/\/site1.dev.fccn.pt\/#website","url":"https:\/\/site1.dev.fccn.pt\/","name":"AGSE","description":"Agency for the Management of the Education System","potentialAction":[{"@type":"SearchAction","target":{"@type":"EntryPoint","urlTemplate":"https:\/\/site1.dev.fccn.pt\/?s={search_term_string}"},"query-input":{"@type":"PropertyValueSpecification","valueRequired":true,"valueName":"search_term_string"}}],"inLanguage":"en-GB"},{"@type":"Person","@id":"https:\/\/site1.dev.fccn.pt\/#\/schema\/person\/ff34e4e384d67b7a32ee30356020a42f","name":"Sandra Cordeiro","image":{"@type":"ImageObject","inLanguage":"en-GB","@id":"https:\/\/secure.gravatar.com\/avatar\/0f1d17c37f352406962a22f7a0dd07d25152bbdcf22b01c9fa416f9dd44f11c3?s=96&d=mm&r=g","url":"https:\/\/secure.gravatar.com\/avatar\/0f1d17c37f352406962a22f7a0dd07d25152bbdcf22b01c9fa416f9dd44f11c3?s=96&d=mm&r=g","contentUrl":"https:\/\/secure.gravatar.com\/avatar\/0f1d17c37f352406962a22f7a0dd07d25152bbdcf22b01c9fa416f9dd44f11c3?s=96&d=mm&r=g","caption":"Sandra Cordeiro"},"url":"https:\/\/agse.pt\/en\/author\/sandra-cordeiro\/"}]}},"_links":{"self":[{"href":"https:\/\/agse.pt\/en\/wp-json\/wp\/v2\/posts\/5454","targetHints":{"allow":["GET"]}}],"collection":[{"href":"https:\/\/agse.pt\/en\/wp-json\/wp\/v2\/posts"}],"about":[{"href":"https:\/\/agse.pt\/en\/wp-json\/wp\/v2\/types\/post"}],"author":[{"embeddable":true,"href":"https:\/\/agse.pt\/en\/wp-json\/wp\/v2\/users\/15"}],"replies":[{"embeddable":true,"href":"https:\/\/agse.pt\/en\/wp-json\/wp\/v2\/comments?post=5454"}],"version-history":[{"count":2,"href":"https:\/\/agse.pt\/en\/wp-json\/wp\/v2\/posts\/5454\/revisions"}],"predecessor-version":[{"id":5460,"href":"https:\/\/agse.pt\/en\/wp-json\/wp\/v2\/posts\/5454\/revisions\/5460"}],"wp:featuredmedia":[{"embeddable":true,"href":"https:\/\/agse.pt\/en\/wp-json\/wp\/v2\/media\/5457"}],"wp:attachment":[{"href":"https:\/\/agse.pt\/en\/wp-json\/wp\/v2\/media?parent=5454"}],"wp:term":[{"taxonomy":"category","embeddable":true,"href":"https:\/\/agse.pt\/en\/wp-json\/wp\/v2\/categories?post=5454"},{"taxonomy":"post_tag","embeddable":true,"href":"https:\/\/agse.pt\/en\/wp-json\/wp\/v2\/tags?post=5454"}],"curies":[{"name":"wp","href":"https:\/\/api.w.org\/{rel}","templated":true}]}}