{"id":5825,"date":"2026-04-22T10:11:48","date_gmt":"2026-04-22T10:11:48","guid":{"rendered":"https:\/\/agse.pt\/?p=5825"},"modified":"2026-04-23T11:34:55","modified_gmt":"2026-04-23T11:34:55","slug":"inicio-periodo-de-matriculas-para-educacao-pre-escolar-e-1-o-ano-do-ensino-basico","status":"publish","type":"post","link":"https:\/\/agse.pt\/en\/inicio-periodo-de-matriculas-para-educacao-pre-escolar-e-1-o-ano-do-ensino-basico\/","title":{"rendered":"Registration period begins for preschool and 1st grade of primary education."},"content":{"rendered":"<p>Starting on April 22nd, the <strong><a href=\"https:\/\/www.portaldasmatriculas.edu.gov.pt\/\" target=\"_blank\" rel=\"noopener\">Enrollment Portal<\/a> opens for the 2026\/2027 school year.<\/strong>, giving <strong>Start of the enrollment period for preschool education and the 1st year of Basic Education.<\/strong>.<\/p>\n<p>O <strong>The registration process is conducted exclusively electronically.<\/strong>, through <a href=\"https:\/\/www.portaldasmatriculas.edu.gov.pt\/\" target=\"_blank\" rel=\"noopener\"><strong>Enrollment Portal<\/strong><\/a>.<\/p>\n<p>Enrollment for the 2026\/2027 school year will take place in four distinct periods, as stipulated in Decree No. 4472 A\/2026.<\/p>\n<h3><strong>Enrollment calendar 2026\/2027<\/strong><\/h3>\n<ul>\n<li>Preschool and 1st year of Primary Education | <strong>April 22 to June 1<\/strong><\/li>\n<li>6th to 9th grade and 11th grade | <strong>June 16th to June 29th<\/strong><\/li>\n<li>2nd to 5th grade of Basic Education | <strong>July 1st to July 13th<\/strong><\/li>\n<li>10th and 12th years of Secondary Education | <strong>July 15th to July 22nd<\/strong><\/li>\n<\/ul>\n<p>O <strong>Strict adherence to established deadlines is essential to ensure the proper organization of the next academic year.<\/strong>. It is therefore recommended that parents or guardians proceed with the <strong>submission of requests within the defined periods<\/strong>s.<\/p>\n<p><strong>All the necessary information<\/strong> for the correct completion of the enrollment or enrollment renewal process. <strong>It is available at <a href=\"https:\/\/www.portaldasmatriculas.edu.gov.pt\/\" target=\"_blank\" rel=\"noopener\">Enrollment Portal<\/a><\/strong>.<\/p>","protected":false},"excerpt":{"rendered":"<p>A partir do dia 22 de abril, o Portal das Matr\u00edculas abre para o ano letivo 2026\/2027, dando-se in\u00edcio ao per\u00edodo de matr\u00edculas para a educa\u00e7\u00e3o pr\u00e9-escolar e para o 1.\u00ba ano do Ensino B\u00e1sico. O processo de matr\u00edcula \u00e9 realizado exclusivamente por via eletr\u00f3nica, atrav\u00e9s do Portal das Matr\u00edculas. As matr\u00edculas para o ano [&hellip;]<\/p>\n","protected":false},"author":11,"featured_media":5827,"comment_status":"closed","ping_status":"open","sticky":false,"template":"","format":"standard","meta":{"_acf_changed":false,"footnotes":""},"categories":[5],"tags":[],"class_list":["post-5825","post","type-post","status-publish","format-standard","has-post-thumbnail","hentry","category-noticias"],"acf":[],"yoast_head":"<!-- This site is optimized with the Yoast SEO plugin v27.5 - https:\/\/yoast.com\/product\/yoast-seo-wordpress\/ -->\n<title>In\u00edcia o Per\u00edodo de Matr\u00edculas para Educa\u00e7\u00e3o pr\u00e9-escolar e 1.\u00ba ano do Ensino B\u00e1sico - AGSE<\/title>\n<meta name=\"robots\" content=\"index, follow, max-snippet:-1, max-image-preview:large, max-video-preview:-1\" \/>\n<link rel=\"canonical\" href=\"https:\/\/agse.pt\/en\/inicio-periodo-de-matriculas-para-educacao-pre-escolar-e-1-o-ano-do-ensino-basico\/\" \/>\n<meta property=\"og:locale\" content=\"en_GB\" \/>\n<meta property=\"og:type\" content=\"article\" \/>\n<meta property=\"og:title\" content=\"In\u00edcia o Per\u00edodo de Matr\u00edculas para Educa\u00e7\u00e3o pr\u00e9-escolar e 1.\u00ba ano do Ensino B\u00e1sico - AGSE\" \/>\n<meta property=\"og:description\" content=\"A partir do dia 22 de abril, o Portal das Matr\u00edculas abre para o ano letivo 2026\/2027, dando-se in\u00edcio ao per\u00edodo de matr\u00edculas para a educa\u00e7\u00e3o pr\u00e9-escolar e para o 1.\u00ba ano do Ensino B\u00e1sico. O processo de matr\u00edcula \u00e9 realizado exclusivamente por via eletr\u00f3nica, atrav\u00e9s do Portal das Matr\u00edculas. As matr\u00edculas para o ano [&hellip;]\" \/>\n<meta property=\"og:url\" content=\"https:\/\/agse.pt\/en\/inicio-periodo-de-matriculas-para-educacao-pre-escolar-e-1-o-ano-do-ensino-basico\/\" \/>\n<meta property=\"og:site_name\" content=\"AGSE\" \/>\n<meta property=\"article:published_time\" content=\"2026-04-22T10:11:48+00:00\" \/>\n<meta property=\"article:modified_time\" content=\"2026-04-23T11:34:55+00:00\" \/>\n<meta property=\"og:image\" content=\"https:\/\/agse.pt\/wp-content\/uploads\/2026\/04\/Imagens-AGSE-1687x1108px-62-1.png\" \/>\n\t<meta property=\"og:image:width\" content=\"1687\" \/>\n\t<meta property=\"og:image:height\" content=\"1108\" \/>\n\t<meta property=\"og:image:type\" content=\"image\/png\" \/>\n<meta name=\"author\" content=\"Maria Carreira\" \/>\n<meta name=\"twitter:card\" content=\"summary_large_image\" \/>\n<meta name=\"twitter:label1\" content=\"Written by\" \/>\n\t<meta name=\"twitter:data1\" content=\"Maria Carreira\" \/>\n\t<meta name=\"twitter:label2\" content=\"Est. reading time\" \/>\n\t<meta name=\"twitter:data2\" content=\"2 minutes\" \/>\n<script type=\"application\/ld+json\" class=\"yoast-schema-graph\">{\"@context\":\"https:\\\/\\\/schema.org\",\"@graph\":[{\"@type\":\"Article\",\"@id\":\"https:\\\/\\\/agse.pt\\\/inicio-periodo-de-matriculas-para-educacao-pre-escolar-e-1-o-ano-do-ensino-basico\\\/#article\",\"isPartOf\":{\"@id\":\"https:\\\/\\\/agse.pt\\\/inicio-periodo-de-matriculas-para-educacao-pre-escolar-e-1-o-ano-do-ensino-basico\\\/\"},\"author\":{\"name\":\"Maria Carreira\",\"@id\":\"https:\\\/\\\/site1.dev.fccn.pt\\\/#\\\/schema\\\/person\\\/6bcdc553adac8654f5b0ba0662ce1524\"},\"headline\":\"In\u00edcia o Per\u00edodo de Matr\u00edculas para Educa\u00e7\u00e3o pr\u00e9-escolar e 1.\u00ba ano do Ensino B\u00e1sico\",\"datePublished\":\"2026-04-22T10:11:48+00:00\",\"dateModified\":\"2026-04-23T11:34:55+00:00\",\"mainEntityOfPage\":{\"@id\":\"https:\\\/\\\/agse.pt\\\/inicio-periodo-de-matriculas-para-educacao-pre-escolar-e-1-o-ano-do-ensino-basico\\\/\"},\"wordCount\":213,\"image\":{\"@id\":\"https:\\\/\\\/agse.pt\\\/inicio-periodo-de-matriculas-para-educacao-pre-escolar-e-1-o-ano-do-ensino-basico\\\/#primaryimage\"},\"thumbnailUrl\":\"https:\\\/\\\/agse.pt\\\/wp-content\\\/uploads\\\/2026\\\/04\\\/Imagens-AGSE-1687x1108px-62-1.png\",\"articleSection\":[\"Not\u00edcias\"],\"inLanguage\":\"en-GB\"},{\"@type\":\"WebPage\",\"@id\":\"https:\\\/\\\/agse.pt\\\/inicio-periodo-de-matriculas-para-educacao-pre-escolar-e-1-o-ano-do-ensino-basico\\\/\",\"url\":\"https:\\\/\\\/agse.pt\\\/inicio-periodo-de-matriculas-para-educacao-pre-escolar-e-1-o-ano-do-ensino-basico\\\/\",\"name\":\"In\u00edcia o Per\u00edodo de Matr\u00edculas para Educa\u00e7\u00e3o pr\u00e9-escolar e 1.\u00ba ano do Ensino B\u00e1sico - AGSE\",\"isPartOf\":{\"@id\":\"https:\\\/\\\/site1.dev.fccn.pt\\\/#website\"},\"primaryImageOfPage\":{\"@id\":\"https:\\\/\\\/agse.pt\\\/inicio-periodo-de-matriculas-para-educacao-pre-escolar-e-1-o-ano-do-ensino-basico\\\/#primaryimage\"},\"image\":{\"@id\":\"https:\\\/\\\/agse.pt\\\/inicio-periodo-de-matriculas-para-educacao-pre-escolar-e-1-o-ano-do-ensino-basico\\\/#primaryimage\"},\"thumbnailUrl\":\"https:\\\/\\\/agse.pt\\\/wp-content\\\/uploads\\\/2026\\\/04\\\/Imagens-AGSE-1687x1108px-62-1.png\",\"datePublished\":\"2026-04-22T10:11:48+00:00\",\"dateModified\":\"2026-04-23T11:34:55+00:00\",\"author\":{\"@id\":\"https:\\\/\\\/site1.dev.fccn.pt\\\/#\\\/schema\\\/person\\\/6bcdc553adac8654f5b0ba0662ce1524\"},\"breadcrumb\":{\"@id\":\"https:\\\/\\\/agse.pt\\\/inicio-periodo-de-matriculas-para-educacao-pre-escolar-e-1-o-ano-do-ensino-basico\\\/#breadcrumb\"},\"inLanguage\":\"en-GB\",\"potentialAction\":[{\"@type\":\"ReadAction\",\"target\":[\"https:\\\/\\\/agse.pt\\\/inicio-periodo-de-matriculas-para-educacao-pre-escolar-e-1-o-ano-do-ensino-basico\\\/\"]}]},{\"@type\":\"ImageObject\",\"inLanguage\":\"en-GB\",\"@id\":\"https:\\\/\\\/agse.pt\\\/inicio-periodo-de-matriculas-para-educacao-pre-escolar-e-1-o-ano-do-ensino-basico\\\/#primaryimage\",\"url\":\"https:\\\/\\\/agse.pt\\\/wp-content\\\/uploads\\\/2026\\\/04\\\/Imagens-AGSE-1687x1108px-62-1.png\",\"contentUrl\":\"https:\\\/\\\/agse.pt\\\/wp-content\\\/uploads\\\/2026\\\/04\\\/Imagens-AGSE-1687x1108px-62-1.png\",\"width\":1687,\"height\":1108,\"caption\":\"Banner institucional da AGSE com o texto \u2018Per\u00edodo de Matr\u00edculas \u2013 Educa\u00e7\u00e3o Pr\u00e9\u2011Escolar e 1.\u00ba ano do Ensino B\u00e1sico\u2019, em fundo branco com formas geom\u00e9tricas em azul e verde e log\u00f3tipo da AGSE no canto superior direito.\"},{\"@type\":\"BreadcrumbList\",\"@id\":\"https:\\\/\\\/agse.pt\\\/inicio-periodo-de-matriculas-para-educacao-pre-escolar-e-1-o-ano-do-ensino-basico\\\/#breadcrumb\",\"itemListElement\":[{\"@type\":\"ListItem\",\"position\":1,\"name\":\"Home\",\"item\":\"https:\\\/\\\/agse.pt\\\/\"},{\"@type\":\"ListItem\",\"position\":2,\"name\":\"In\u00edcia o Per\u00edodo de Matr\u00edculas para Educa\u00e7\u00e3o pr\u00e9-escolar e 1.\u00ba ano do Ensino B\u00e1sico\"}]},{\"@type\":\"WebSite\",\"@id\":\"https:\\\/\\\/site1.dev.fccn.pt\\\/#website\",\"url\":\"https:\\\/\\\/site1.dev.fccn.pt\\\/\",\"name\":\"AGSE\",\"description\":\"Ag\u00eancia para a Gest\u00e3o do Sistema Educativo\",\"potentialAction\":[{\"@type\":\"SearchAction\",\"target\":{\"@type\":\"EntryPoint\",\"urlTemplate\":\"https:\\\/\\\/site1.dev.fccn.pt\\\/?s={search_term_string}\"},\"query-input\":{\"@type\":\"PropertyValueSpecification\",\"valueRequired\":true,\"valueName\":\"search_term_string\"}}],\"inLanguage\":\"en-GB\"},{\"@type\":\"Person\",\"@id\":\"https:\\\/\\\/site1.dev.fccn.pt\\\/#\\\/schema\\\/person\\\/6bcdc553adac8654f5b0ba0662ce1524\",\"name\":\"Maria Carreira\",\"image\":{\"@type\":\"ImageObject\",\"inLanguage\":\"en-GB\",\"@id\":\"https:\\\/\\\/secure.gravatar.com\\\/avatar\\\/9595b1a4b57244bf452cb61369d2f24814e8d979d2bc912f845150616ac58914?s=96&d=mm&r=g\",\"url\":\"https:\\\/\\\/secure.gravatar.com\\\/avatar\\\/9595b1a4b57244bf452cb61369d2f24814e8d979d2bc912f845150616ac58914?s=96&d=mm&r=g\",\"contentUrl\":\"https:\\\/\\\/secure.gravatar.com\\\/avatar\\\/9595b1a4b57244bf452cb61369d2f24814e8d979d2bc912f845150616ac58914?s=96&d=mm&r=g\",\"caption\":\"Maria Carreira\"},\"url\":\"https:\\\/\\\/agse.pt\\\/en\\\/author\\\/maria-carreirafccn-pt\\\/\"}]}<\/script>\n<!-- \/ Yoast SEO plugin. -->","yoast_head_json":{"title":"In\u00edcia o Per\u00edodo de Matr\u00edculas para Educa\u00e7\u00e3o pr\u00e9-escolar e 1.\u00ba ano do Ensino B\u00e1sico - AGSE","robots":{"index":"index","follow":"follow","max-snippet":"max-snippet:-1","max-image-preview":"max-image-preview:large","max-video-preview":"max-video-preview:-1"},"canonical":"https:\/\/agse.pt\/en\/inicio-periodo-de-matriculas-para-educacao-pre-escolar-e-1-o-ano-do-ensino-basico\/","og_locale":"en_GB","og_type":"article","og_title":"In\u00edcia o Per\u00edodo de Matr\u00edculas para Educa\u00e7\u00e3o pr\u00e9-escolar e 1.\u00ba ano do Ensino B\u00e1sico - AGSE","og_description":"A partir do dia 22 de abril, o Portal das Matr\u00edculas abre para o ano letivo 2026\/2027, dando-se in\u00edcio ao per\u00edodo de matr\u00edculas para a educa\u00e7\u00e3o pr\u00e9-escolar e para o 1.\u00ba ano do Ensino B\u00e1sico. O processo de matr\u00edcula \u00e9 realizado exclusivamente por via eletr\u00f3nica, atrav\u00e9s do Portal das Matr\u00edculas. As matr\u00edculas para o ano [&hellip;]","og_url":"https:\/\/agse.pt\/en\/inicio-periodo-de-matriculas-para-educacao-pre-escolar-e-1-o-ano-do-ensino-basico\/","og_site_name":"AGSE","article_published_time":"2026-04-22T10:11:48+00:00","article_modified_time":"2026-04-23T11:34:55+00:00","og_image":[{"width":1687,"height":1108,"url":"https:\/\/agse.pt\/wp-content\/uploads\/2026\/04\/Imagens-AGSE-1687x1108px-62-1.png","type":"image\/png"}],"author":"Maria Carreira","twitter_card":"summary_large_image","twitter_misc":{"Written by":"Maria Carreira","Est. reading time":"2 minutes"},"schema":{"@context":"https:\/\/schema.org","@graph":[{"@type":"Article","@id":"https:\/\/agse.pt\/inicio-periodo-de-matriculas-para-educacao-pre-escolar-e-1-o-ano-do-ensino-basico\/#article","isPartOf":{"@id":"https:\/\/agse.pt\/inicio-periodo-de-matriculas-para-educacao-pre-escolar-e-1-o-ano-do-ensino-basico\/"},"author":{"name":"Maria Carreira","@id":"https:\/\/site1.dev.fccn.pt\/#\/schema\/person\/6bcdc553adac8654f5b0ba0662ce1524"},"headline":"In\u00edcia o Per\u00edodo de Matr\u00edculas para Educa\u00e7\u00e3o pr\u00e9-escolar e 1.\u00ba ano do Ensino B\u00e1sico","datePublished":"2026-04-22T10:11:48+00:00","dateModified":"2026-04-23T11:34:55+00:00","mainEntityOfPage":{"@id":"https:\/\/agse.pt\/inicio-periodo-de-matriculas-para-educacao-pre-escolar-e-1-o-ano-do-ensino-basico\/"},"wordCount":213,"image":{"@id":"https:\/\/agse.pt\/inicio-periodo-de-matriculas-para-educacao-pre-escolar-e-1-o-ano-do-ensino-basico\/#primaryimage"},"thumbnailUrl":"https:\/\/agse.pt\/wp-content\/uploads\/2026\/04\/Imagens-AGSE-1687x1108px-62-1.png","articleSection":["Not\u00edcias"],"inLanguage":"en-GB"},{"@type":"WebPage","@id":"https:\/\/agse.pt\/inicio-periodo-de-matriculas-para-educacao-pre-escolar-e-1-o-ano-do-ensino-basico\/","url":"https:\/\/agse.pt\/inicio-periodo-de-matriculas-para-educacao-pre-escolar-e-1-o-ano-do-ensino-basico\/","name":"In\u00edcia o Per\u00edodo de Matr\u00edculas para Educa\u00e7\u00e3o pr\u00e9-escolar e 1.\u00ba ano do Ensino B\u00e1sico - AGSE","isPartOf":{"@id":"https:\/\/site1.dev.fccn.pt\/#website"},"primaryImageOfPage":{"@id":"https:\/\/agse.pt\/inicio-periodo-de-matriculas-para-educacao-pre-escolar-e-1-o-ano-do-ensino-basico\/#primaryimage"},"image":{"@id":"https:\/\/agse.pt\/inicio-periodo-de-matriculas-para-educacao-pre-escolar-e-1-o-ano-do-ensino-basico\/#primaryimage"},"thumbnailUrl":"https:\/\/agse.pt\/wp-content\/uploads\/2026\/04\/Imagens-AGSE-1687x1108px-62-1.png","datePublished":"2026-04-22T10:11:48+00:00","dateModified":"2026-04-23T11:34:55+00:00","author":{"@id":"https:\/\/site1.dev.fccn.pt\/#\/schema\/person\/6bcdc553adac8654f5b0ba0662ce1524"},"breadcrumb":{"@id":"https:\/\/agse.pt\/inicio-periodo-de-matriculas-para-educacao-pre-escolar-e-1-o-ano-do-ensino-basico\/#breadcrumb"},"inLanguage":"en-GB","potentialAction":[{"@type":"ReadAction","target":["https:\/\/agse.pt\/inicio-periodo-de-matriculas-para-educacao-pre-escolar-e-1-o-ano-do-ensino-basico\/"]}]},{"@type":"ImageObject","inLanguage":"en-GB","@id":"https:\/\/agse.pt\/inicio-periodo-de-matriculas-para-educacao-pre-escolar-e-1-o-ano-do-ensino-basico\/#primaryimage","url":"https:\/\/agse.pt\/wp-content\/uploads\/2026\/04\/Imagens-AGSE-1687x1108px-62-1.png","contentUrl":"https:\/\/agse.pt\/wp-content\/uploads\/2026\/04\/Imagens-AGSE-1687x1108px-62-1.png","width":1687,"height":1108,"caption":"Banner institucional da AGSE com o texto \u2018Per\u00edodo de Matr\u00edculas \u2013 Educa\u00e7\u00e3o Pr\u00e9\u2011Escolar e 1.\u00ba ano do Ensino B\u00e1sico\u2019, em fundo branco com formas geom\u00e9tricas em azul e verde e log\u00f3tipo da AGSE no canto superior direito."},{"@type":"BreadcrumbList","@id":"https:\/\/agse.pt\/inicio-periodo-de-matriculas-para-educacao-pre-escolar-e-1-o-ano-do-ensino-basico\/#breadcrumb","itemListElement":[{"@type":"ListItem","position":1,"name":"Home","item":"https:\/\/agse.pt\/"},{"@type":"ListItem","position":2,"name":"In\u00edcia o Per\u00edodo de Matr\u00edculas para Educa\u00e7\u00e3o pr\u00e9-escolar e 1.\u00ba ano do Ensino B\u00e1sico"}]},{"@type":"WebSite","@id":"https:\/\/site1.dev.fccn.pt\/#website","url":"https:\/\/site1.dev.fccn.pt\/","name":"AGSE","description":"Agency for the Management of the Education System","potentialAction":[{"@type":"SearchAction","target":{"@type":"EntryPoint","urlTemplate":"https:\/\/site1.dev.fccn.pt\/?s={search_term_string}"},"query-input":{"@type":"PropertyValueSpecification","valueRequired":true,"valueName":"search_term_string"}}],"inLanguage":"en-GB"},{"@type":"Person","@id":"https:\/\/site1.dev.fccn.pt\/#\/schema\/person\/6bcdc553adac8654f5b0ba0662ce1524","name":"Maria Carreira","image":{"@type":"ImageObject","inLanguage":"en-GB","@id":"https:\/\/secure.gravatar.com\/avatar\/9595b1a4b57244bf452cb61369d2f24814e8d979d2bc912f845150616ac58914?s=96&d=mm&r=g","url":"https:\/\/secure.gravatar.com\/avatar\/9595b1a4b57244bf452cb61369d2f24814e8d979d2bc912f845150616ac58914?s=96&d=mm&r=g","contentUrl":"https:\/\/secure.gravatar.com\/avatar\/9595b1a4b57244bf452cb61369d2f24814e8d979d2bc912f845150616ac58914?s=96&d=mm&r=g","caption":"Maria Carreira"},"url":"https:\/\/agse.pt\/en\/author\/maria-carreirafccn-pt\/"}]}},"_links":{"self":[{"href":"https:\/\/agse.pt\/en\/wp-json\/wp\/v2\/posts\/5825","targetHints":{"allow":["GET"]}}],"collection":[{"href":"https:\/\/agse.pt\/en\/wp-json\/wp\/v2\/posts"}],"about":[{"href":"https:\/\/agse.pt\/en\/wp-json\/wp\/v2\/types\/post"}],"author":[{"embeddable":true,"href":"https:\/\/agse.pt\/en\/wp-json\/wp\/v2\/users\/11"}],"replies":[{"embeddable":true,"href":"https:\/\/agse.pt\/en\/wp-json\/wp\/v2\/comments?post=5825"}],"version-history":[{"count":10,"href":"https:\/\/agse.pt\/en\/wp-json\/wp\/v2\/posts\/5825\/revisions"}],"predecessor-version":[{"id":5935,"href":"https:\/\/agse.pt\/en\/wp-json\/wp\/v2\/posts\/5825\/revisions\/5935"}],"wp:featuredmedia":[{"embeddable":true,"href":"https:\/\/agse.pt\/en\/wp-json\/wp\/v2\/media\/5827"}],"wp:attachment":[{"href":"https:\/\/agse.pt\/en\/wp-json\/wp\/v2\/media?parent=5825"}],"wp:term":[{"taxonomy":"category","embeddable":true,"href":"https:\/\/agse.pt\/en\/wp-json\/wp\/v2\/categories?post=5825"},{"taxonomy":"post_tag","embeddable":true,"href":"https:\/\/agse.pt\/en\/wp-json\/wp\/v2\/tags?post=5825"}],"curies":[{"name":"wp","href":"https:\/\/api.w.org\/{rel}","templated":true}]}}