{"id":5969,"date":"2026-04-24T15:24:52","date_gmt":"2026-04-24T15:24:52","guid":{"rendered":"https:\/\/agse.pt\/?p=5969"},"modified":"2026-04-27T15:41:29","modified_gmt":"2026-04-27T15:41:29","slug":"retificacao-ao-aviso-n-o-5878-2026-2-de-17-de-marco-referente-a-abertura-de-procedimento-concursal-previo-a-eleicao-do-a-diretor-a-do-agrupamento-de-escolas-de-murtosa","status":"publish","type":"post","link":"https:\/\/agse.pt\/en\/retificacao-ao-aviso-n-o-5878-2026-2-de-17-de-marco-referente-a-abertura-de-procedimento-concursal-previo-a-eleicao-do-a-diretor-a-do-agrupamento-de-escolas-de-murtosa\/","title":{"rendered":"Correction to Notice No. 5878\/2026\/2, of March 17, regarding the opening of a competitive procedure prior to the election of the director of the Murtosa School Group."},"content":{"rendered":"<p class=\"x_elementToProof\"><a id=\"OWAd3f6891d-3d78-287c-2f01-0b3ca0b10a41\" class=\"x_OWAAutoLink\" title=\"https:\/\/files.diariodarepublica.pt\/2s\/2026\/04\/080000000\/0013800138.pdf\" href=\"https:\/\/files.diariodarepublica.pt\/2s\/2026\/04\/080000000\/0013800138.pdf\" data-auth=\"NotApplicable\" data-linkindex=\"0\"><b><u data-olk-copy-source=\"MessageBody\">Rectification Statement No. 345\/2026\/2 - Official Gazette No. 80\/2026, Series II of 2026-04-24<\/u><\/b><\/a><\/p>\n<p>For the record, and in accordance with paragraphs 2, 3, 4, 6 and 7 of Article 11 of the Regulation on the Publication of Acts in the Official Gazette, approved by Regulatory Order No. 16\/2022, of December 30, and exercising the powers delegated by the board of directors of Imprensa Nacional Casa da Moeda, SA, on February 26, 2026, and having obtained a favorable opinion from the issuing entity, it is hereby declared that Notice No. 5878\/2026\/2, published in the Official Gazette, 2nd series, No. 53, of March 17, 2026, concerning the opening of a competitive procedure prior to the election of the director of the Murtosa School Group, was published with an inaccuracy in the text, and is therefore rectified as follows:<br \/>\nAt the end, where it reads:<br \/>\n\u00ab&quot;March 6, 2026. \u2014 The President of the General Council, Jos\u00e9 Carlos da Silva Ruela.&quot;\u00bb<br \/>\nIt should read:<br \/>\n\u00ab&quot;March 6, 2026. \u2014 The President of the General Council, Jo\u00e3o Carlos da Silva Ruela.&quot;\u00bb<\/p>\n<p>April 7, 2026. \u2014 The Director of the Official Gazette Unit of the National Press and Mint, SA, Bruno Pereira.<\/p>","protected":false},"excerpt":{"rendered":"<p>Declara\u00e7\u00e3o de Retifica\u00e7\u00e3o n.\u00ba 345\/2026\/2-Di\u00e1rio da Rep\u00fablica n.\u00ba 80\/2026, S\u00e9rie II de 2026-04-24 Para os devidos efeitos, observado o disposto nos n.os 2, 3, 4, 6 e 7 do artigo 11.\u00ba do Regulamento de Publica\u00e7\u00e3o de Atos no Di\u00e1rio da Rep\u00fablica, aprovado pelo Despacho Normativo n.\u00ba 16\/2022, de 30 de dezembro, no uso de compet\u00eancia [&hellip;]<\/p>\n","protected":false},"author":16,"featured_media":4316,"comment_status":"closed","ping_status":"open","sticky":false,"template":"","format":"standard","meta":{"_acf_changed":false,"footnotes":""},"categories":[5],"tags":[],"class_list":["post-5969","post","type-post","status-publish","format-standard","has-post-thumbnail","hentry","category-noticias"],"acf":[],"yoast_head":"<!-- This site is optimized with the Yoast SEO plugin v27.5 - https:\/\/yoast.com\/product\/yoast-seo-wordpress\/ -->\n<title>Retifica\u00e7\u00e3o ao Aviso n.\u00ba 5878\/2026\/2, de 17 de mar\u00e7o, referente \u00e0 abertura de procedimento concursal pr\u00e9vio \u00e0 elei\u00e7\u00e3o do\/a\u00a0diretor\/a\u00a0do Agrupamento de Escolas de Murtosa - AGSE<\/title>\n<meta name=\"robots\" content=\"index, follow, max-snippet:-1, max-image-preview:large, max-video-preview:-1\" \/>\n<link rel=\"canonical\" href=\"https:\/\/agse.pt\/en\/retificacao-ao-aviso-n-o-5878-2026-2-de-17-de-marco-referente-a-abertura-de-procedimento-concursal-previo-a-eleicao-do-a-diretor-a-do-agrupamento-de-escolas-de-murtosa\/\" \/>\n<meta property=\"og:locale\" content=\"en_GB\" \/>\n<meta property=\"og:type\" content=\"article\" \/>\n<meta property=\"og:title\" content=\"Retifica\u00e7\u00e3o ao Aviso n.\u00ba 5878\/2026\/2, de 17 de mar\u00e7o, referente \u00e0 abertura de procedimento concursal pr\u00e9vio \u00e0 elei\u00e7\u00e3o do\/a\u00a0diretor\/a\u00a0do Agrupamento de Escolas de Murtosa - AGSE\" \/>\n<meta property=\"og:description\" content=\"Declara\u00e7\u00e3o de Retifica\u00e7\u00e3o n.\u00ba 345\/2026\/2-Di\u00e1rio da Rep\u00fablica n.\u00ba 80\/2026, S\u00e9rie II de 2026-04-24 Para os devidos efeitos, observado o disposto nos n.os 2, 3, 4, 6 e 7 do artigo 11.\u00ba do Regulamento de Publica\u00e7\u00e3o de Atos no Di\u00e1rio da Rep\u00fablica, aprovado pelo Despacho Normativo n.\u00ba 16\/2022, de 30 de dezembro, no uso de compet\u00eancia [&hellip;]\" \/>\n<meta property=\"og:url\" content=\"https:\/\/agse.pt\/en\/retificacao-ao-aviso-n-o-5878-2026-2-de-17-de-marco-referente-a-abertura-de-procedimento-concursal-previo-a-eleicao-do-a-diretor-a-do-agrupamento-de-escolas-de-murtosa\/\" \/>\n<meta property=\"og:site_name\" content=\"AGSE\" \/>\n<meta property=\"article:published_time\" content=\"2026-04-24T15:24:52+00:00\" \/>\n<meta property=\"article:modified_time\" content=\"2026-04-27T15:41:29+00:00\" \/>\n<meta property=\"og:image\" content=\"https:\/\/agse.pt\/wp-content\/uploads\/2026\/03\/Imagens-AGSE-1687x1108px-31.png\" \/>\n\t<meta property=\"og:image:width\" content=\"1687\" \/>\n\t<meta property=\"og:image:height\" content=\"1108\" \/>\n\t<meta property=\"og:image:type\" content=\"image\/png\" \/>\n<meta name=\"author\" content=\"Cristina Magro\" \/>\n<meta name=\"twitter:card\" content=\"summary_large_image\" \/>\n<meta name=\"twitter:label1\" content=\"Written by\" \/>\n\t<meta name=\"twitter:data1\" content=\"Cristina Magro\" \/>\n\t<meta name=\"twitter:label2\" content=\"Est. reading time\" \/>\n\t<meta name=\"twitter:data2\" content=\"2 minutes\" \/>\n<script type=\"application\/ld+json\" class=\"yoast-schema-graph\">{\"@context\":\"https:\\\/\\\/schema.org\",\"@graph\":[{\"@type\":\"Article\",\"@id\":\"https:\\\/\\\/agse.pt\\\/retificacao-ao-aviso-n-o-5878-2026-2-de-17-de-marco-referente-a-abertura-de-procedimento-concursal-previo-a-eleicao-do-a-diretor-a-do-agrupamento-de-escolas-de-murtosa\\\/#article\",\"isPartOf\":{\"@id\":\"https:\\\/\\\/agse.pt\\\/retificacao-ao-aviso-n-o-5878-2026-2-de-17-de-marco-referente-a-abertura-de-procedimento-concursal-previo-a-eleicao-do-a-diretor-a-do-agrupamento-de-escolas-de-murtosa\\\/\"},\"author\":{\"name\":\"Cristina Magro\",\"@id\":\"https:\\\/\\\/site1.dev.fccn.pt\\\/#\\\/schema\\\/person\\\/a96b174e0b4adc29bf9edc273f721d18\"},\"headline\":\"Retifica\u00e7\u00e3o ao Aviso n.\u00ba 5878\\\/2026\\\/2, de 17 de mar\u00e7o, referente \u00e0 abertura de procedimento concursal pr\u00e9vio \u00e0 elei\u00e7\u00e3o do\\\/a\u00a0diretor\\\/a\u00a0do Agrupamento de Escolas de Murtosa\",\"datePublished\":\"2026-04-24T15:24:52+00:00\",\"dateModified\":\"2026-04-27T15:41:29+00:00\",\"mainEntityOfPage\":{\"@id\":\"https:\\\/\\\/agse.pt\\\/retificacao-ao-aviso-n-o-5878-2026-2-de-17-de-marco-referente-a-abertura-de-procedimento-concursal-previo-a-eleicao-do-a-diretor-a-do-agrupamento-de-escolas-de-murtosa\\\/\"},\"wordCount\":224,\"image\":{\"@id\":\"https:\\\/\\\/agse.pt\\\/retificacao-ao-aviso-n-o-5878-2026-2-de-17-de-marco-referente-a-abertura-de-procedimento-concursal-previo-a-eleicao-do-a-diretor-a-do-agrupamento-de-escolas-de-murtosa\\\/#primaryimage\"},\"thumbnailUrl\":\"https:\\\/\\\/agse.pt\\\/wp-content\\\/uploads\\\/2026\\\/03\\\/Imagens-AGSE-1687x1108px-31.png\",\"articleSection\":[\"Not\u00edcias\"],\"inLanguage\":\"en-GB\"},{\"@type\":\"WebPage\",\"@id\":\"https:\\\/\\\/agse.pt\\\/retificacao-ao-aviso-n-o-5878-2026-2-de-17-de-marco-referente-a-abertura-de-procedimento-concursal-previo-a-eleicao-do-a-diretor-a-do-agrupamento-de-escolas-de-murtosa\\\/\",\"url\":\"https:\\\/\\\/agse.pt\\\/retificacao-ao-aviso-n-o-5878-2026-2-de-17-de-marco-referente-a-abertura-de-procedimento-concursal-previo-a-eleicao-do-a-diretor-a-do-agrupamento-de-escolas-de-murtosa\\\/\",\"name\":\"Retifica\u00e7\u00e3o ao Aviso n.\u00ba 5878\\\/2026\\\/2, de 17 de mar\u00e7o, referente \u00e0 abertura de procedimento concursal pr\u00e9vio \u00e0 elei\u00e7\u00e3o do\\\/a\u00a0diretor\\\/a\u00a0do Agrupamento de Escolas de Murtosa - AGSE\",\"isPartOf\":{\"@id\":\"https:\\\/\\\/site1.dev.fccn.pt\\\/#website\"},\"primaryImageOfPage\":{\"@id\":\"https:\\\/\\\/agse.pt\\\/retificacao-ao-aviso-n-o-5878-2026-2-de-17-de-marco-referente-a-abertura-de-procedimento-concursal-previo-a-eleicao-do-a-diretor-a-do-agrupamento-de-escolas-de-murtosa\\\/#primaryimage\"},\"image\":{\"@id\":\"https:\\\/\\\/agse.pt\\\/retificacao-ao-aviso-n-o-5878-2026-2-de-17-de-marco-referente-a-abertura-de-procedimento-concursal-previo-a-eleicao-do-a-diretor-a-do-agrupamento-de-escolas-de-murtosa\\\/#primaryimage\"},\"thumbnailUrl\":\"https:\\\/\\\/agse.pt\\\/wp-content\\\/uploads\\\/2026\\\/03\\\/Imagens-AGSE-1687x1108px-31.png\",\"datePublished\":\"2026-04-24T15:24:52+00:00\",\"dateModified\":\"2026-04-27T15:41:29+00:00\",\"author\":{\"@id\":\"https:\\\/\\\/site1.dev.fccn.pt\\\/#\\\/schema\\\/person\\\/a96b174e0b4adc29bf9edc273f721d18\"},\"breadcrumb\":{\"@id\":\"https:\\\/\\\/agse.pt\\\/retificacao-ao-aviso-n-o-5878-2026-2-de-17-de-marco-referente-a-abertura-de-procedimento-concursal-previo-a-eleicao-do-a-diretor-a-do-agrupamento-de-escolas-de-murtosa\\\/#breadcrumb\"},\"inLanguage\":\"en-GB\",\"potentialAction\":[{\"@type\":\"ReadAction\",\"target\":[\"https:\\\/\\\/agse.pt\\\/retificacao-ao-aviso-n-o-5878-2026-2-de-17-de-marco-referente-a-abertura-de-procedimento-concursal-previo-a-eleicao-do-a-diretor-a-do-agrupamento-de-escolas-de-murtosa\\\/\"]}]},{\"@type\":\"ImageObject\",\"inLanguage\":\"en-GB\",\"@id\":\"https:\\\/\\\/agse.pt\\\/retificacao-ao-aviso-n-o-5878-2026-2-de-17-de-marco-referente-a-abertura-de-procedimento-concursal-previo-a-eleicao-do-a-diretor-a-do-agrupamento-de-escolas-de-murtosa\\\/#primaryimage\",\"url\":\"https:\\\/\\\/agse.pt\\\/wp-content\\\/uploads\\\/2026\\\/03\\\/Imagens-AGSE-1687x1108px-31.png\",\"contentUrl\":\"https:\\\/\\\/agse.pt\\\/wp-content\\\/uploads\\\/2026\\\/03\\\/Imagens-AGSE-1687x1108px-31.png\",\"width\":1687,\"height\":1108,\"caption\":\"Imagem gr\u00e1fica com fundo branco e formas geom\u00e9tricas em azul e verde. \u00c0 esquerda est\u00e1 o texto \u2018Diretor(a) \u2013 Agrupamento de Escolas de Murtosa\u2019. No canto superior direito surge o log\u00f3tipo da AGSE.\"},{\"@type\":\"BreadcrumbList\",\"@id\":\"https:\\\/\\\/agse.pt\\\/retificacao-ao-aviso-n-o-5878-2026-2-de-17-de-marco-referente-a-abertura-de-procedimento-concursal-previo-a-eleicao-do-a-diretor-a-do-agrupamento-de-escolas-de-murtosa\\\/#breadcrumb\",\"itemListElement\":[{\"@type\":\"ListItem\",\"position\":1,\"name\":\"Home\",\"item\":\"https:\\\/\\\/agse.pt\\\/\"},{\"@type\":\"ListItem\",\"position\":2,\"name\":\"Retifica\u00e7\u00e3o ao Aviso n.\u00ba 5878\\\/2026\\\/2, de 17 de mar\u00e7o, referente \u00e0 abertura de procedimento concursal pr\u00e9vio \u00e0 elei\u00e7\u00e3o do\\\/a\u00a0diretor\\\/a\u00a0do Agrupamento de Escolas de Murtosa\"}]},{\"@type\":\"WebSite\",\"@id\":\"https:\\\/\\\/site1.dev.fccn.pt\\\/#website\",\"url\":\"https:\\\/\\\/site1.dev.fccn.pt\\\/\",\"name\":\"AGSE\",\"description\":\"Ag\u00eancia para a Gest\u00e3o do Sistema Educativo\",\"potentialAction\":[{\"@type\":\"SearchAction\",\"target\":{\"@type\":\"EntryPoint\",\"urlTemplate\":\"https:\\\/\\\/site1.dev.fccn.pt\\\/?s={search_term_string}\"},\"query-input\":{\"@type\":\"PropertyValueSpecification\",\"valueRequired\":true,\"valueName\":\"search_term_string\"}}],\"inLanguage\":\"en-GB\"},{\"@type\":\"Person\",\"@id\":\"https:\\\/\\\/site1.dev.fccn.pt\\\/#\\\/schema\\\/person\\\/a96b174e0b4adc29bf9edc273f721d18\",\"name\":\"Cristina Magro\",\"image\":{\"@type\":\"ImageObject\",\"inLanguage\":\"en-GB\",\"@id\":\"https:\\\/\\\/secure.gravatar.com\\\/avatar\\\/806101a6fd4054f823cfcd01679b17e6168a32d87ce2d56fd16947f345ba1d59?s=96&d=mm&r=g\",\"url\":\"https:\\\/\\\/secure.gravatar.com\\\/avatar\\\/806101a6fd4054f823cfcd01679b17e6168a32d87ce2d56fd16947f345ba1d59?s=96&d=mm&r=g\",\"contentUrl\":\"https:\\\/\\\/secure.gravatar.com\\\/avatar\\\/806101a6fd4054f823cfcd01679b17e6168a32d87ce2d56fd16947f345ba1d59?s=96&d=mm&r=g\",\"caption\":\"Cristina Magro\"},\"url\":\"https:\\\/\\\/agse.pt\\\/en\\\/author\\\/cristina-magro\\\/\"}]}<\/script>\n<!-- \/ Yoast SEO plugin. -->","yoast_head_json":{"title":"Retifica\u00e7\u00e3o ao Aviso n.\u00ba 5878\/2026\/2, de 17 de mar\u00e7o, referente \u00e0 abertura de procedimento concursal pr\u00e9vio \u00e0 elei\u00e7\u00e3o do\/a\u00a0diretor\/a\u00a0do Agrupamento de Escolas de Murtosa - AGSE","robots":{"index":"index","follow":"follow","max-snippet":"max-snippet:-1","max-image-preview":"max-image-preview:large","max-video-preview":"max-video-preview:-1"},"canonical":"https:\/\/agse.pt\/en\/retificacao-ao-aviso-n-o-5878-2026-2-de-17-de-marco-referente-a-abertura-de-procedimento-concursal-previo-a-eleicao-do-a-diretor-a-do-agrupamento-de-escolas-de-murtosa\/","og_locale":"en_GB","og_type":"article","og_title":"Retifica\u00e7\u00e3o ao Aviso n.\u00ba 5878\/2026\/2, de 17 de mar\u00e7o, referente \u00e0 abertura de procedimento concursal pr\u00e9vio \u00e0 elei\u00e7\u00e3o do\/a\u00a0diretor\/a\u00a0do Agrupamento de Escolas de Murtosa - AGSE","og_description":"Declara\u00e7\u00e3o de Retifica\u00e7\u00e3o n.\u00ba 345\/2026\/2-Di\u00e1rio da Rep\u00fablica n.\u00ba 80\/2026, S\u00e9rie II de 2026-04-24 Para os devidos efeitos, observado o disposto nos n.os 2, 3, 4, 6 e 7 do artigo 11.\u00ba do Regulamento de Publica\u00e7\u00e3o de Atos no Di\u00e1rio da Rep\u00fablica, aprovado pelo Despacho Normativo n.\u00ba 16\/2022, de 30 de dezembro, no uso de compet\u00eancia [&hellip;]","og_url":"https:\/\/agse.pt\/en\/retificacao-ao-aviso-n-o-5878-2026-2-de-17-de-marco-referente-a-abertura-de-procedimento-concursal-previo-a-eleicao-do-a-diretor-a-do-agrupamento-de-escolas-de-murtosa\/","og_site_name":"AGSE","article_published_time":"2026-04-24T15:24:52+00:00","article_modified_time":"2026-04-27T15:41:29+00:00","og_image":[{"width":1687,"height":1108,"url":"https:\/\/agse.pt\/wp-content\/uploads\/2026\/03\/Imagens-AGSE-1687x1108px-31.png","type":"image\/png"}],"author":"Cristina Magro","twitter_card":"summary_large_image","twitter_misc":{"Written by":"Cristina Magro","Est. reading time":"2 minutes"},"schema":{"@context":"https:\/\/schema.org","@graph":[{"@type":"Article","@id":"https:\/\/agse.pt\/retificacao-ao-aviso-n-o-5878-2026-2-de-17-de-marco-referente-a-abertura-de-procedimento-concursal-previo-a-eleicao-do-a-diretor-a-do-agrupamento-de-escolas-de-murtosa\/#article","isPartOf":{"@id":"https:\/\/agse.pt\/retificacao-ao-aviso-n-o-5878-2026-2-de-17-de-marco-referente-a-abertura-de-procedimento-concursal-previo-a-eleicao-do-a-diretor-a-do-agrupamento-de-escolas-de-murtosa\/"},"author":{"name":"Cristina Magro","@id":"https:\/\/site1.dev.fccn.pt\/#\/schema\/person\/a96b174e0b4adc29bf9edc273f721d18"},"headline":"Retifica\u00e7\u00e3o ao Aviso n.\u00ba 5878\/2026\/2, de 17 de mar\u00e7o, referente \u00e0 abertura de procedimento concursal pr\u00e9vio \u00e0 elei\u00e7\u00e3o do\/a\u00a0diretor\/a\u00a0do Agrupamento de Escolas de Murtosa","datePublished":"2026-04-24T15:24:52+00:00","dateModified":"2026-04-27T15:41:29+00:00","mainEntityOfPage":{"@id":"https:\/\/agse.pt\/retificacao-ao-aviso-n-o-5878-2026-2-de-17-de-marco-referente-a-abertura-de-procedimento-concursal-previo-a-eleicao-do-a-diretor-a-do-agrupamento-de-escolas-de-murtosa\/"},"wordCount":224,"image":{"@id":"https:\/\/agse.pt\/retificacao-ao-aviso-n-o-5878-2026-2-de-17-de-marco-referente-a-abertura-de-procedimento-concursal-previo-a-eleicao-do-a-diretor-a-do-agrupamento-de-escolas-de-murtosa\/#primaryimage"},"thumbnailUrl":"https:\/\/agse.pt\/wp-content\/uploads\/2026\/03\/Imagens-AGSE-1687x1108px-31.png","articleSection":["Not\u00edcias"],"inLanguage":"en-GB"},{"@type":"WebPage","@id":"https:\/\/agse.pt\/retificacao-ao-aviso-n-o-5878-2026-2-de-17-de-marco-referente-a-abertura-de-procedimento-concursal-previo-a-eleicao-do-a-diretor-a-do-agrupamento-de-escolas-de-murtosa\/","url":"https:\/\/agse.pt\/retificacao-ao-aviso-n-o-5878-2026-2-de-17-de-marco-referente-a-abertura-de-procedimento-concursal-previo-a-eleicao-do-a-diretor-a-do-agrupamento-de-escolas-de-murtosa\/","name":"Retifica\u00e7\u00e3o ao Aviso n.\u00ba 5878\/2026\/2, de 17 de mar\u00e7o, referente \u00e0 abertura de procedimento concursal pr\u00e9vio \u00e0 elei\u00e7\u00e3o do\/a\u00a0diretor\/a\u00a0do Agrupamento de Escolas de Murtosa - AGSE","isPartOf":{"@id":"https:\/\/site1.dev.fccn.pt\/#website"},"primaryImageOfPage":{"@id":"https:\/\/agse.pt\/retificacao-ao-aviso-n-o-5878-2026-2-de-17-de-marco-referente-a-abertura-de-procedimento-concursal-previo-a-eleicao-do-a-diretor-a-do-agrupamento-de-escolas-de-murtosa\/#primaryimage"},"image":{"@id":"https:\/\/agse.pt\/retificacao-ao-aviso-n-o-5878-2026-2-de-17-de-marco-referente-a-abertura-de-procedimento-concursal-previo-a-eleicao-do-a-diretor-a-do-agrupamento-de-escolas-de-murtosa\/#primaryimage"},"thumbnailUrl":"https:\/\/agse.pt\/wp-content\/uploads\/2026\/03\/Imagens-AGSE-1687x1108px-31.png","datePublished":"2026-04-24T15:24:52+00:00","dateModified":"2026-04-27T15:41:29+00:00","author":{"@id":"https:\/\/site1.dev.fccn.pt\/#\/schema\/person\/a96b174e0b4adc29bf9edc273f721d18"},"breadcrumb":{"@id":"https:\/\/agse.pt\/retificacao-ao-aviso-n-o-5878-2026-2-de-17-de-marco-referente-a-abertura-de-procedimento-concursal-previo-a-eleicao-do-a-diretor-a-do-agrupamento-de-escolas-de-murtosa\/#breadcrumb"},"inLanguage":"en-GB","potentialAction":[{"@type":"ReadAction","target":["https:\/\/agse.pt\/retificacao-ao-aviso-n-o-5878-2026-2-de-17-de-marco-referente-a-abertura-de-procedimento-concursal-previo-a-eleicao-do-a-diretor-a-do-agrupamento-de-escolas-de-murtosa\/"]}]},{"@type":"ImageObject","inLanguage":"en-GB","@id":"https:\/\/agse.pt\/retificacao-ao-aviso-n-o-5878-2026-2-de-17-de-marco-referente-a-abertura-de-procedimento-concursal-previo-a-eleicao-do-a-diretor-a-do-agrupamento-de-escolas-de-murtosa\/#primaryimage","url":"https:\/\/agse.pt\/wp-content\/uploads\/2026\/03\/Imagens-AGSE-1687x1108px-31.png","contentUrl":"https:\/\/agse.pt\/wp-content\/uploads\/2026\/03\/Imagens-AGSE-1687x1108px-31.png","width":1687,"height":1108,"caption":"Imagem gr\u00e1fica com fundo branco e formas geom\u00e9tricas em azul e verde. \u00c0 esquerda est\u00e1 o texto \u2018Diretor(a) \u2013 Agrupamento de Escolas de Murtosa\u2019. No canto superior direito surge o log\u00f3tipo da AGSE."},{"@type":"BreadcrumbList","@id":"https:\/\/agse.pt\/retificacao-ao-aviso-n-o-5878-2026-2-de-17-de-marco-referente-a-abertura-de-procedimento-concursal-previo-a-eleicao-do-a-diretor-a-do-agrupamento-de-escolas-de-murtosa\/#breadcrumb","itemListElement":[{"@type":"ListItem","position":1,"name":"Home","item":"https:\/\/agse.pt\/"},{"@type":"ListItem","position":2,"name":"Retifica\u00e7\u00e3o ao Aviso n.\u00ba 5878\/2026\/2, de 17 de mar\u00e7o, referente \u00e0 abertura de procedimento concursal pr\u00e9vio \u00e0 elei\u00e7\u00e3o do\/a\u00a0diretor\/a\u00a0do Agrupamento de Escolas de Murtosa"}]},{"@type":"WebSite","@id":"https:\/\/site1.dev.fccn.pt\/#website","url":"https:\/\/site1.dev.fccn.pt\/","name":"AGSE","description":"Agency for the Management of the Education System","potentialAction":[{"@type":"SearchAction","target":{"@type":"EntryPoint","urlTemplate":"https:\/\/site1.dev.fccn.pt\/?s={search_term_string}"},"query-input":{"@type":"PropertyValueSpecification","valueRequired":true,"valueName":"search_term_string"}}],"inLanguage":"en-GB"},{"@type":"Person","@id":"https:\/\/site1.dev.fccn.pt\/#\/schema\/person\/a96b174e0b4adc29bf9edc273f721d18","name":"Cristina Magro","image":{"@type":"ImageObject","inLanguage":"en-GB","@id":"https:\/\/secure.gravatar.com\/avatar\/806101a6fd4054f823cfcd01679b17e6168a32d87ce2d56fd16947f345ba1d59?s=96&d=mm&r=g","url":"https:\/\/secure.gravatar.com\/avatar\/806101a6fd4054f823cfcd01679b17e6168a32d87ce2d56fd16947f345ba1d59?s=96&d=mm&r=g","contentUrl":"https:\/\/secure.gravatar.com\/avatar\/806101a6fd4054f823cfcd01679b17e6168a32d87ce2d56fd16947f345ba1d59?s=96&d=mm&r=g","caption":"Cristina Magro"},"url":"https:\/\/agse.pt\/en\/author\/cristina-magro\/"}]}},"_links":{"self":[{"href":"https:\/\/agse.pt\/en\/wp-json\/wp\/v2\/posts\/5969","targetHints":{"allow":["GET"]}}],"collection":[{"href":"https:\/\/agse.pt\/en\/wp-json\/wp\/v2\/posts"}],"about":[{"href":"https:\/\/agse.pt\/en\/wp-json\/wp\/v2\/types\/post"}],"author":[{"embeddable":true,"href":"https:\/\/agse.pt\/en\/wp-json\/wp\/v2\/users\/16"}],"replies":[{"embeddable":true,"href":"https:\/\/agse.pt\/en\/wp-json\/wp\/v2\/comments?post=5969"}],"version-history":[{"count":3,"href":"https:\/\/agse.pt\/en\/wp-json\/wp\/v2\/posts\/5969\/revisions"}],"predecessor-version":[{"id":5973,"href":"https:\/\/agse.pt\/en\/wp-json\/wp\/v2\/posts\/5969\/revisions\/5973"}],"wp:featuredmedia":[{"embeddable":true,"href":"https:\/\/agse.pt\/en\/wp-json\/wp\/v2\/media\/4316"}],"wp:attachment":[{"href":"https:\/\/agse.pt\/en\/wp-json\/wp\/v2\/media?parent=5969"}],"wp:term":[{"taxonomy":"category","embeddable":true,"href":"https:\/\/agse.pt\/en\/wp-json\/wp\/v2\/categories?post=5969"},{"taxonomy":"post_tag","embeddable":true,"href":"https:\/\/agse.pt\/en\/wp-json\/wp\/v2\/tags?post=5969"}],"curies":[{"name":"wp","href":"https:\/\/api.w.org\/{rel}","templated":true}]}}