{"id":5980,"date":"2026-04-27T16:32:09","date_gmt":"2026-04-27T16:32:09","guid":{"rendered":"https:\/\/agse.pt\/?p=5980"},"modified":"2026-04-27T16:32:09","modified_gmt":"2026-04-27T16:32:09","slug":"reserva-de-recrutamento-53-reserva-de-recrutamento-concurso-externo-extraordinario-15-2025-2026","status":"publish","type":"post","link":"https:\/\/agse.pt\/en\/reserva-de-recrutamento-53-reserva-de-recrutamento-concurso-externo-extraordinario-15-2025-2026\/","title":{"rendered":"Recruitment Reserve 53 \/ Recruitment Reserve Extraordinary External Competition 15 \u2013 2025\/2026"},"content":{"rendered":"<h2>The final lists of placements, non-placements, and withdrawals from the 53rd Recruitment Reserve 2025\/2026 and the final lists of placements and non-placements from the 15th Recruitment Reserve of the Extraordinary External Competition 2025\/2026 are available for consultation.<\/h2>\n<p>The acceptance application is available from 00:00 on Tuesday, April 28th, until 23:59 on Wednesday, April 29th, 2026 (mainland Portugal time).<\/p>\n<p><a href=\"https:\/\/sigrhe.dgae.medu.pt\/openerp\/login\" target=\"_blank\" rel=\"noopener\">SIGRHE \u2013 Acceptance of placement by the candidate<\/a><\/p>\n<h3>Lists \u2013 Recruitment Reserve No. 53<\/h3>\n<h4>Career Teachers<\/h4>\n<h4>Placement lists<\/h4>\n<p><a href=\"https:\/\/agse.pt\/wp-content\/uploads\/2026\/04\/Grupo-100-Educacao-Pre-Escolar-21.pdf\">Group 100 \u2013 Preschool Education<\/a><br \/>\n<a href=\"https:\/\/agse.pt\/wp-content\/uploads\/2026\/04\/Grupo-110-1o-Ciclo-do-Ensino-Basico-17.pdf\">Group 110 \u2013 1st Cycle of Basic Education<\/a><br \/>\n<a href=\"https:\/\/agse.pt\/wp-content\/uploads\/2026\/04\/Grupo-320-Frances-11.pdf\">Group 320 \u2013 French<\/a><br \/>\n<a href=\"https:\/\/agse.pt\/wp-content\/uploads\/2026\/04\/Grupo-610-Musica-11.pdf\">Group 610 \u2013 Music<\/a><\/p>\n<h4>Non-placement lists<\/h4>\n<p><a href=\"https:\/\/agse.pt\/wp-content\/uploads\/2026\/04\/Grupo-100-Educacao-Pre-Escolar-22.pdf\">Group 100 \u2013 Preschool Education<\/a><br \/>\n<a href=\"https:\/\/agse.pt\/wp-content\/uploads\/2026\/04\/Grupo-120-Ingles-1o-Ciclo-do-Ensino-Basico-18.pdf\">Group 120 \u2013 English (1st Cycle of Basic Education)<\/a><br \/>\n<a href=\"https:\/\/agse.pt\/wp-content\/uploads\/2026\/04\/Grupo-200-Portugues-e-Estudos-Sociais-Historia-19.pdf\">Group 200 \u2013 Portuguese and Social Studies-History<\/a><br \/>\n<a href=\"https:\/\/agse.pt\/wp-content\/uploads\/2026\/04\/Grupo-210-Portugues-e-Frances-16.pdf\">Group 210 \u2013 Portuguese and French<\/a><br \/>\n<a href=\"https:\/\/agse.pt\/wp-content\/uploads\/2026\/04\/Grupo-220-Portugues-e-Ingles-16.pdf\">Group 220 \u2013 Portuguese and English<\/a><br \/>\n<a href=\"https:\/\/agse.pt\/wp-content\/uploads\/2026\/04\/Grupo-240-Educacao-Visual-Tecnologica-17.pdf\">Group 240 \u2013 Technological Visual Education<\/a><br \/>\n<a href=\"https:\/\/agse.pt\/wp-content\/uploads\/2026\/04\/Grupo-250-Educacao-Musical-18.pdf\">Group 250 \u2013 Music Education<\/a><br \/>\n<a href=\"https:\/\/agse.pt\/wp-content\/uploads\/2026\/04\/Grupo-260-Educacao-Fisica-15.pdf\">Group 260 \u2013 Physical Education<\/a><br \/>\n<a href=\"https:\/\/agse.pt\/wp-content\/uploads\/2026\/04\/Grupo-310-Latim-e-Grego-10.pdf\">Group 310 \u2013 Latin and Greek<\/a><br \/>\n<a href=\"https:\/\/agse.pt\/wp-content\/uploads\/2026\/04\/Grupo-330-Ingles-15.pdf\">Group 330 \u2013 English<\/a><br \/>\n<a href=\"https:\/\/agse.pt\/wp-content\/uploads\/2026\/04\/Grupo-340-Alemao-10.pdf\">Group 340 \u2013 German<\/a><br \/>\n<a href=\"https:\/\/agse.pt\/wp-content\/uploads\/2026\/04\/Grupo-360-Lingua-Gestual-Portuguesa-10.pdf\">Group 360 \u2013 Portuguese Sign Language<\/a><br \/>\n<a href=\"https:\/\/agse.pt\/wp-content\/uploads\/2026\/04\/Grupo-510-Fisica-e-Quimica-20.pdf\">Group 510 \u2013 Physics and Chemistry<\/a><br \/>\n<a href=\"https:\/\/agse.pt\/wp-content\/uploads\/2026\/04\/Grupo-520-Biologia-e-Geologia-20.pdf\">Group 520 \u2013 Biology and Geology<\/a><br \/>\n<a href=\"https:\/\/agse.pt\/wp-content\/uploads\/2026\/04\/Grupo-530-Educacao-Tecnologica-15.pdf\">Group 530 \u2013 Technological Education<\/a><br \/>\n<a href=\"https:\/\/agse.pt\/wp-content\/uploads\/2026\/04\/Grupo-560-Ciencias-Agropecuarias-10.pdf\">Group 560 \u2013 Agricultural Sciences<\/a><br \/>\n<a href=\"https:\/\/agse.pt\/wp-content\/uploads\/2026\/04\/Grupo-610-Musica-12.pdf\">Group 610 \u2013 Music<\/a><br \/>\n<a href=\"https:\/\/agse.pt\/wp-content\/uploads\/2026\/04\/Grupo-930-Educacao-Especial-3-5.pdf\">Group 930 \u2013 Special Education 3<\/a><\/p>\n<h3>Candidates for Hiring<\/h3>\n<h4>Placement lists<\/h4>\n<p><a href=\"https:\/\/agse.pt\/wp-content\/uploads\/2026\/04\/Grupo-100-Educacao-Pre-Escolar-23.pdf\">Group 100 \u2013 Preschool Education<\/a><br \/>\n<a href=\"https:\/\/agse.pt\/wp-content\/uploads\/2026\/04\/Grupo-110-1o-Ciclo-do-Ensino-Basico-18.pdf\">Group 110 \u2013 1st Cycle of Basic Education<\/a><br \/>\n<a href=\"https:\/\/agse.pt\/wp-content\/uploads\/2026\/04\/Grupo-230-Matematica-e-Ciencias-da-Natureza-12.pdf\">Group 230 \u2013 Mathematics and Natural Sciences<\/a><br \/>\n<a href=\"https:\/\/agse.pt\/wp-content\/uploads\/2026\/04\/Grupo-260-Educacao-Fisica-16.pdf\">Group 260 \u2013 Physical Education<\/a><br \/>\n<a href=\"https:\/\/agse.pt\/wp-content\/uploads\/2026\/04\/Grupo-300-Portugues-15.pdf\">Group 300 \u2013 Portuguese<\/a><br \/>\n<a href=\"https:\/\/agse.pt\/wp-content\/uploads\/2026\/04\/Grupo-330-Ingles-16.pdf\">Group 330 \u2013 English<\/a><br \/>\n<a href=\"https:\/\/agse.pt\/wp-content\/uploads\/2026\/04\/Grupo-400-Historia-14.pdf\">Group 400 \u2013 History<\/a><br \/>\n<a href=\"https:\/\/agse.pt\/wp-content\/uploads\/2026\/04\/Grupo-420-Geografia-13.pdf\">Group 420 \u2013 Geography<\/a><br \/>\n<a href=\"https:\/\/agse.pt\/wp-content\/uploads\/2026\/04\/Grupo-500-Matematica-15.pdf\">Group 500 \u2013 Mathematics<\/a><br \/>\n<a href=\"https:\/\/agse.pt\/wp-content\/uploads\/2026\/04\/Grupo-510-Fisica-e-Quimica-21.pdf\">Group 510 \u2013 Physics and Chemistry<\/a><br \/>\n<a href=\"https:\/\/agse.pt\/wp-content\/uploads\/2026\/04\/Grupo-550-Informatica-12.pdf\">Group 550 \u2013 Informatics<\/a><br \/>\n<a href=\"https:\/\/agse.pt\/wp-content\/uploads\/2026\/04\/Grupo-620-Educacao-Fisica-13.pdf\">Group 620 \u2013 Physical Education<\/a><br \/>\n<a href=\"https:\/\/agse.pt\/wp-content\/uploads\/2026\/04\/Grupo-910-Educacao-Especial-1-10.pdf\">Group 910 \u2013 Special Education 1<\/a><\/p>\n<h4>Non-placement lists<\/h4>\n<p><a href=\"https:\/\/agse.pt\/wp-content\/uploads\/2026\/04\/Grupo-100-Educacao-Pre-Escolar-24.pdf\">Group 100 \u2013 Preschool Education<\/a><br \/>\n<a href=\"https:\/\/agse.pt\/wp-content\/uploads\/2026\/04\/Grupo-110-1o-Ciclo-do-Ensino-Basico-19.pdf\">Group 110 \u2013 1st Cycle of Basic Education<\/a><br \/>\n<a href=\"https:\/\/agse.pt\/wp-content\/uploads\/2026\/04\/Grupo-120-Ingles-1o-Ciclo-do-Ensino-Basico-19.pdf\">Group 120 \u2013 English (1st Cycle of Basic Education)<\/a><br \/>\n<a href=\"https:\/\/agse.pt\/wp-content\/uploads\/2026\/04\/Grupo-200-Portugues-e-Estudos-Sociais-Historia-20.pdf\">Group 200 \u2013 Portuguese and Social Studies-History<\/a><br \/>\n<a href=\"https:\/\/agse.pt\/wp-content\/uploads\/2026\/04\/Grupo-210-Portugues-e-Frances-17.pdf\">Group 210 \u2013 Portuguese and French<\/a><br \/>\n<a href=\"https:\/\/agse.pt\/wp-content\/uploads\/2026\/04\/Grupo-220-Portugues-e-Ingles-17.pdf\">Group 220 \u2013 Portuguese and English<\/a><br \/>\n<a href=\"https:\/\/agse.pt\/wp-content\/uploads\/2026\/04\/Grupo-230-Matematica-e-Ciencias-da-Natureza-13.pdf\">Group 230 \u2013 Mathematics and Natural Sciences<\/a><br \/>\n<a href=\"https:\/\/agse.pt\/wp-content\/uploads\/2026\/04\/Grupo-240-Educacao-Visual-Tecnologica-18.pdf\">Group 240 \u2013 Technological Visual Education<\/a><br \/>\n<a href=\"https:\/\/agse.pt\/wp-content\/uploads\/2026\/04\/Grupo-250-Educacao-Musical-19.pdf\">Group 250 \u2013 Music Education<\/a><br \/>\n<a href=\"https:\/\/agse.pt\/wp-content\/uploads\/2026\/04\/Grupo-260-Educacao-Fisica-17.pdf\">Group 260 \u2013 Physical Education<\/a><br \/>\n<a href=\"https:\/\/agse.pt\/wp-content\/uploads\/2026\/04\/Grupo-300-Portugues-16.pdf\">Group 300 \u2013 Portuguese<\/a><br \/>\n<a href=\"https:\/\/agse.pt\/wp-content\/uploads\/2026\/04\/Grupo-310-Latim-e-Grego-11.pdf\">Group 310 \u2013 Latin and Greek<\/a><br \/>\n<a href=\"https:\/\/agse.pt\/wp-content\/uploads\/2026\/04\/Grupo-320-Frances-12.pdf\">Group 320 \u2013 French<\/a><br \/>\n<a href=\"https:\/\/agse.pt\/wp-content\/uploads\/2026\/04\/Grupo-330-Ingles-17.pdf\">Group 330 \u2013 English<\/a><br \/>\n<a href=\"https:\/\/agse.pt\/wp-content\/uploads\/2026\/04\/Grupo-340-Alemao-11.pdf\">Group 340 \u2013 German<\/a><br \/>\n<a href=\"https:\/\/agse.pt\/wp-content\/uploads\/2026\/04\/Grupo-350-Espanhol-5.pdf\">Group 350 \u2013 Spanish<\/a><br \/>\n<a href=\"https:\/\/agse.pt\/wp-content\/uploads\/2026\/04\/Grupo-360-Lingua-Gestual-Portuguesa-11.pdf\">Group 360 \u2013 Portuguese Sign Language<\/a><br \/>\n<a href=\"https:\/\/agse.pt\/wp-content\/uploads\/2026\/04\/Grupo-400-Historia-15.pdf\">Group 400 \u2013 History<\/a><br \/>\n<a href=\"https:\/\/agse.pt\/wp-content\/uploads\/2026\/04\/Grupo-410-Filosofia-8.pdf\">Group 410 \u2013 Philosophy<\/a><br \/>\n<a href=\"https:\/\/agse.pt\/wp-content\/uploads\/2026\/04\/Grupo-420-Geografia-14.pdf\">Group 420 \u2013 Geography<\/a><br \/>\n<a href=\"https:\/\/agse.pt\/wp-content\/uploads\/2026\/04\/Grupo-430-Economia-e-Contabilidade-12.pdf\">Group 430 \u2013 Economics and Accounting<\/a><br \/>\n<a href=\"https:\/\/agse.pt\/wp-content\/uploads\/2026\/04\/Grupo-500-Matematica-16.pdf\">Group 500 \u2013 Mathematics<\/a><br \/>\n<a href=\"https:\/\/agse.pt\/wp-content\/uploads\/2026\/04\/Grupo-510-Fisica-e-Quimica-22.pdf\">Group 510 \u2013 Physics and Chemistry<\/a><br \/>\n<a href=\"https:\/\/agse.pt\/wp-content\/uploads\/2026\/04\/Grupo-520-Biologia-e-Geologia-21.pdf\">Group 520 \u2013 Biology and Geology<\/a><br \/>\n<a href=\"https:\/\/agse.pt\/wp-content\/uploads\/2026\/04\/Grupo-530-Educacao-Tecnologica-16.pdf\">Group 530 \u2013 Technological Education<\/a><br \/>\n<a href=\"https:\/\/agse.pt\/wp-content\/uploads\/2026\/04\/Grupo-540-Eletrotecnia-10.pdf\">Group 540 \u2013 Electrical Engineering<\/a><br \/>\n<a href=\"https:\/\/agse.pt\/wp-content\/uploads\/2026\/04\/Grupo-550-Informatica-13.pdf\">Group 550 \u2013 Informatics<\/a><br \/>\n<a href=\"https:\/\/agse.pt\/wp-content\/uploads\/2026\/04\/Grupo-560-Ciencias-Agropecuarias-11.pdf\">Group 560 \u2013 Agricultural Sciences<\/a><br \/>\n<a href=\"https:\/\/agse.pt\/wp-content\/uploads\/2026\/04\/Grupo-600-Artes-Visuais-11.pdf\">Group 600 \u2013 Visual Arts<\/a><br \/>\n<a href=\"https:\/\/agse.pt\/wp-content\/uploads\/2026\/04\/Grupo-610-Musica-13.pdf\">Group 610 \u2013 Music<\/a><br \/>\n<a href=\"https:\/\/agse.pt\/wp-content\/uploads\/2026\/04\/Grupo-620-Educacao-Fisica-14.pdf\">Group 620 \u2013 Physical Education<\/a><br \/>\n<a href=\"https:\/\/agse.pt\/wp-content\/uploads\/2026\/04\/Grupo-910-Educacao-Especial-1-11.pdf\">Group 910 \u2013 Special Education 1<\/a><br \/>\n<a href=\"https:\/\/agse.pt\/wp-content\/uploads\/2026\/04\/Grupo-920-Educacao-Especial-2-5.pdf\">Group 920 \u2013 Special Education 2<\/a><\/p>\n<h3>Removed<\/h3>\n<h4>List of withdrawals<\/h4>\n<p><a href=\"https:\/\/agse.pt\/wp-content\/uploads\/2026\/04\/Retirados-5.pdf\">Removed<\/a><\/p>\n<h3>Lists \u2013 Recruitment Reserve for Extraordinary External Competition No. 15<\/h3>\n<h4>Placement lists<\/h4>\n<p><a href=\"https:\/\/agse.pt\/wp-content\/uploads\/2026\/04\/Grupo-120-Ingles-1o-Ciclo-do-Ensino-Basico-20.pdf\">Group 120 \u2013 English (1st Cycle of Basic Education)<\/a><br \/>\n<a href=\"https:\/\/agse.pt\/wp-content\/uploads\/2026\/04\/Grupo-400-Historia-16.pdf\">Group 400 \u2013 History<\/a><\/p>\n<h4>Non-placement lists<\/h4>\n<p><a href=\"https:\/\/agse.pt\/wp-content\/uploads\/2026\/04\/Grupo-100-Educacao-Pre-Escolar-25.pdf\">Group 100 \u2013 Preschool Education<\/a><br \/>\n<a href=\"https:\/\/agse.pt\/wp-content\/uploads\/2026\/04\/Grupo-120-Ingles-1o-Ciclo-do-Ensino-Basico-21.pdf\">Group 120 \u2013 English (1st Cycle of Basic Education)<\/a><br \/>\n<a href=\"https:\/\/agse.pt\/wp-content\/uploads\/2026\/04\/Grupo-200-Portugues-e-Estudos-Sociais-Historia-21.pdf\">Group 200 \u2013 Portuguese and Social Studies-History<\/a><br \/>\n<a href=\"https:\/\/agse.pt\/wp-content\/uploads\/2026\/04\/Grupo-210-Portugues-e-Frances-18.pdf\">Group 210 \u2013 Portuguese and French<\/a><br \/>\n<a href=\"https:\/\/agse.pt\/wp-content\/uploads\/2026\/04\/Grupo-220-Portugues-e-Ingles-18.pdf\">Group 220 \u2013 Portuguese and English<\/a><br \/>\n<a href=\"https:\/\/agse.pt\/wp-content\/uploads\/2026\/04\/Grupo-240-Educacao-Visual-Tecnologica-19.pdf\">Group 240 \u2013 Technological Visual Education<\/a><br \/>\n<a href=\"https:\/\/agse.pt\/wp-content\/uploads\/2026\/04\/Grupo-250-Educacao-Musical-20.pdf\">Group 250 \u2013 Music Education<\/a><br \/>\n<a href=\"https:\/\/agse.pt\/wp-content\/uploads\/2026\/04\/Grupo-290-Educacao-Moral-e-Religiosa-Catolica-6.pdf\">Group 290 \u2013 Catholic Moral and Religious Education<\/a><br \/>\n<a href=\"https:\/\/agse.pt\/wp-content\/uploads\/2026\/04\/Grupo-400-Historia-17.pdf\">Group 400 \u2013 History<\/a><br \/>\n<a href=\"https:\/\/agse.pt\/wp-content\/uploads\/2026\/04\/Grupo-420-Geografia-15.pdf\">Group 420 \u2013 Geography<\/a><br \/>\n<a href=\"https:\/\/agse.pt\/wp-content\/uploads\/2026\/04\/Grupo-430-Economia-e-Contabilidade-13.pdf\">Group 430 \u2013 Economics and Accounting<\/a><br \/>\n<a href=\"https:\/\/agse.pt\/wp-content\/uploads\/2026\/04\/Grupo-500-Matematica-17.pdf\">Group 500 \u2013 Mathematics<\/a><br \/>\n<a href=\"https:\/\/agse.pt\/wp-content\/uploads\/2026\/04\/Grupo-510-Fisica-e-Quimica-23.pdf\">Group 510 \u2013 Physics and Chemistry<\/a><br \/>\n<a href=\"https:\/\/agse.pt\/wp-content\/uploads\/2026\/04\/Grupo-530-Educacao-Tecnologica-17.pdf\">Group 530 \u2013 Technological Education<\/a><br \/>\n<a href=\"https:\/\/agse.pt\/wp-content\/uploads\/2026\/04\/Grupo-540-Eletrotecnia-11.pdf\">Group 540 \u2013 Electrical Engineering<\/a><br \/>\n<a href=\"https:\/\/agse.pt\/wp-content\/uploads\/2026\/04\/Grupo-550-Informatica-14.pdf\">Group 550 \u2013 Informatics<\/a><br \/>\n<a href=\"https:\/\/agse.pt\/wp-content\/uploads\/2026\/04\/Grupo-600-Artes-Visuais-12.pdf\">Group 600 \u2013 Visual Arts<\/a><\/p>","protected":false},"excerpt":{"rendered":"<p>Est\u00e3o dispon\u00edveis para consulta as listas definitivas de coloca\u00e7\u00e3o, n\u00e3o coloca\u00e7\u00e3o e retirados da 53.\u00aa Reserva de Recrutamento 2025\/2026 e as listas definitivas de coloca\u00e7\u00e3o e n\u00e3o coloca\u00e7\u00e3o da 15.\u00aa Reserva de Recrutamento do Concurso Externo Extraordin\u00e1rio 2025\/2026. Aplica\u00e7\u00e3o da aceita\u00e7\u00e3o dispon\u00edvel das 0:00 horas de ter\u00e7a-feira, dia 28 de abril, at\u00e9 \u00e0s 23:59 horas [&hellip;]<\/p>\n","protected":false},"author":11,"featured_media":5981,"comment_status":"closed","ping_status":"open","sticky":false,"template":"","format":"standard","meta":{"_acf_changed":false,"footnotes":""},"categories":[12],"tags":[],"class_list":["post-5980","post","type-post","status-publish","format-standard","has-post-thumbnail","hentry","category-reservas-de-recrutamento"],"acf":[],"yoast_head":"<!-- This site is optimized with the Yoast SEO plugin v27.5 - https:\/\/yoast.com\/product\/yoast-seo-wordpress\/ -->\n<title>Reserva de Recrutamento 53 \/ Reserva de Recrutamento Concurso Externo Extraordin\u00e1rio 15 - 2025\/2026 - AGSE<\/title>\n<meta name=\"robots\" content=\"index, follow, max-snippet:-1, max-image-preview:large, max-video-preview:-1\" \/>\n<link rel=\"canonical\" href=\"https:\/\/agse.pt\/en\/reserva-de-recrutamento-53-reserva-de-recrutamento-concurso-externo-extraordinario-15-2025-2026\/\" \/>\n<meta property=\"og:locale\" content=\"en_GB\" \/>\n<meta property=\"og:type\" content=\"article\" \/>\n<meta property=\"og:title\" content=\"Reserva de Recrutamento 53 \/ Reserva de Recrutamento Concurso Externo Extraordin\u00e1rio 15 - 2025\/2026 - AGSE\" \/>\n<meta property=\"og:description\" content=\"Est\u00e3o dispon\u00edveis para consulta as listas definitivas de coloca\u00e7\u00e3o, n\u00e3o coloca\u00e7\u00e3o e retirados da 53.\u00aa Reserva de Recrutamento 2025\/2026 e as listas definitivas de coloca\u00e7\u00e3o e n\u00e3o coloca\u00e7\u00e3o da 15.\u00aa Reserva de Recrutamento do Concurso Externo Extraordin\u00e1rio 2025\/2026. Aplica\u00e7\u00e3o da aceita\u00e7\u00e3o dispon\u00edvel das 0:00 horas de ter\u00e7a-feira, dia 28 de abril, at\u00e9 \u00e0s 23:59 horas [&hellip;]\" \/>\n<meta property=\"og:url\" content=\"https:\/\/agse.pt\/en\/reserva-de-recrutamento-53-reserva-de-recrutamento-concurso-externo-extraordinario-15-2025-2026\/\" \/>\n<meta property=\"og:site_name\" content=\"AGSE\" \/>\n<meta property=\"article:published_time\" content=\"2026-04-27T16:32:09+00:00\" \/>\n<meta property=\"og:image\" content=\"https:\/\/agse.pt\/wp-content\/uploads\/2026\/04\/Imagens-AGSE-1687x1108px-63-1.png\" \/>\n\t<meta property=\"og:image:width\" content=\"1687\" \/>\n\t<meta property=\"og:image:height\" content=\"1108\" \/>\n\t<meta property=\"og:image:type\" content=\"image\/png\" \/>\n<meta name=\"author\" content=\"Maria Carreira\" \/>\n<meta name=\"twitter:card\" content=\"summary_large_image\" \/>\n<meta name=\"twitter:label1\" content=\"Written by\" \/>\n\t<meta name=\"twitter:data1\" content=\"Maria Carreira\" \/>\n\t<meta name=\"twitter:label2\" content=\"Est. reading time\" \/>\n\t<meta name=\"twitter:data2\" content=\"3 minutes\" \/>\n<script type=\"application\/ld+json\" class=\"yoast-schema-graph\">{\"@context\":\"https:\\\/\\\/schema.org\",\"@graph\":[{\"@type\":\"Article\",\"@id\":\"https:\\\/\\\/agse.pt\\\/reserva-de-recrutamento-53-reserva-de-recrutamento-concurso-externo-extraordinario-15-2025-2026\\\/#article\",\"isPartOf\":{\"@id\":\"https:\\\/\\\/agse.pt\\\/reserva-de-recrutamento-53-reserva-de-recrutamento-concurso-externo-extraordinario-15-2025-2026\\\/\"},\"author\":{\"name\":\"Maria Carreira\",\"@id\":\"https:\\\/\\\/site1.dev.fccn.pt\\\/#\\\/schema\\\/person\\\/6bcdc553adac8654f5b0ba0662ce1524\"},\"headline\":\"Reserva de Recrutamento 53 \\\/ Reserva de Recrutamento Concurso Externo Extraordin\u00e1rio 15 &#8211; 2025\\\/2026\",\"datePublished\":\"2026-04-27T16:32:09+00:00\",\"mainEntityOfPage\":{\"@id\":\"https:\\\/\\\/agse.pt\\\/reserva-de-recrutamento-53-reserva-de-recrutamento-concurso-externo-extraordinario-15-2025-2026\\\/\"},\"wordCount\":629,\"image\":{\"@id\":\"https:\\\/\\\/agse.pt\\\/reserva-de-recrutamento-53-reserva-de-recrutamento-concurso-externo-extraordinario-15-2025-2026\\\/#primaryimage\"},\"thumbnailUrl\":\"https:\\\/\\\/agse.pt\\\/wp-content\\\/uploads\\\/2026\\\/04\\\/Imagens-AGSE-1687x1108px-63-1.png\",\"articleSection\":[\"Reservas de Recrutamento\"],\"inLanguage\":\"en-GB\"},{\"@type\":\"WebPage\",\"@id\":\"https:\\\/\\\/agse.pt\\\/reserva-de-recrutamento-53-reserva-de-recrutamento-concurso-externo-extraordinario-15-2025-2026\\\/\",\"url\":\"https:\\\/\\\/agse.pt\\\/reserva-de-recrutamento-53-reserva-de-recrutamento-concurso-externo-extraordinario-15-2025-2026\\\/\",\"name\":\"Reserva de Recrutamento 53 \\\/ Reserva de Recrutamento Concurso Externo Extraordin\u00e1rio 15 - 2025\\\/2026 - AGSE\",\"isPartOf\":{\"@id\":\"https:\\\/\\\/site1.dev.fccn.pt\\\/#website\"},\"primaryImageOfPage\":{\"@id\":\"https:\\\/\\\/agse.pt\\\/reserva-de-recrutamento-53-reserva-de-recrutamento-concurso-externo-extraordinario-15-2025-2026\\\/#primaryimage\"},\"image\":{\"@id\":\"https:\\\/\\\/agse.pt\\\/reserva-de-recrutamento-53-reserva-de-recrutamento-concurso-externo-extraordinario-15-2025-2026\\\/#primaryimage\"},\"thumbnailUrl\":\"https:\\\/\\\/agse.pt\\\/wp-content\\\/uploads\\\/2026\\\/04\\\/Imagens-AGSE-1687x1108px-63-1.png\",\"datePublished\":\"2026-04-27T16:32:09+00:00\",\"author\":{\"@id\":\"https:\\\/\\\/site1.dev.fccn.pt\\\/#\\\/schema\\\/person\\\/6bcdc553adac8654f5b0ba0662ce1524\"},\"breadcrumb\":{\"@id\":\"https:\\\/\\\/agse.pt\\\/reserva-de-recrutamento-53-reserva-de-recrutamento-concurso-externo-extraordinario-15-2025-2026\\\/#breadcrumb\"},\"inLanguage\":\"en-GB\",\"potentialAction\":[{\"@type\":\"ReadAction\",\"target\":[\"https:\\\/\\\/agse.pt\\\/reserva-de-recrutamento-53-reserva-de-recrutamento-concurso-externo-extraordinario-15-2025-2026\\\/\"]}]},{\"@type\":\"ImageObject\",\"inLanguage\":\"en-GB\",\"@id\":\"https:\\\/\\\/agse.pt\\\/reserva-de-recrutamento-53-reserva-de-recrutamento-concurso-externo-extraordinario-15-2025-2026\\\/#primaryimage\",\"url\":\"https:\\\/\\\/agse.pt\\\/wp-content\\\/uploads\\\/2026\\\/04\\\/Imagens-AGSE-1687x1108px-63-1.png\",\"contentUrl\":\"https:\\\/\\\/agse.pt\\\/wp-content\\\/uploads\\\/2026\\\/04\\\/Imagens-AGSE-1687x1108px-63-1.png\",\"width\":1687,\"height\":1108,\"caption\":\"Imagem gr\u00e1fica institucional da AGSE, com fundo azul escuro e elementos geom\u00e9tricos em azul, branco e verde. No canto superior esquerdo surge o log\u00f3tipo AGSE. Ao centro, em texto verde, l\u00ea\u2011se \u2018Reserva de Recrutamento 53\u2019 e, abaixo de uma linha horizontal branca, \u2018Reserva de Recrutamento do Concurso Externo Extraordin\u00e1rio 15\u2019. No canto inferior direito aparece o ano letivo \u20182025\\\/2026\u2019.\"},{\"@type\":\"BreadcrumbList\",\"@id\":\"https:\\\/\\\/agse.pt\\\/reserva-de-recrutamento-53-reserva-de-recrutamento-concurso-externo-extraordinario-15-2025-2026\\\/#breadcrumb\",\"itemListElement\":[{\"@type\":\"ListItem\",\"position\":1,\"name\":\"Home\",\"item\":\"https:\\\/\\\/agse.pt\\\/\"},{\"@type\":\"ListItem\",\"position\":2,\"name\":\"Reserva de Recrutamento 53 \\\/ Reserva de Recrutamento Concurso Externo Extraordin\u00e1rio 15 &#8211; 2025\\\/2026\"}]},{\"@type\":\"WebSite\",\"@id\":\"https:\\\/\\\/site1.dev.fccn.pt\\\/#website\",\"url\":\"https:\\\/\\\/site1.dev.fccn.pt\\\/\",\"name\":\"AGSE\",\"description\":\"Ag\u00eancia para a Gest\u00e3o do Sistema Educativo\",\"potentialAction\":[{\"@type\":\"SearchAction\",\"target\":{\"@type\":\"EntryPoint\",\"urlTemplate\":\"https:\\\/\\\/site1.dev.fccn.pt\\\/?s={search_term_string}\"},\"query-input\":{\"@type\":\"PropertyValueSpecification\",\"valueRequired\":true,\"valueName\":\"search_term_string\"}}],\"inLanguage\":\"en-GB\"},{\"@type\":\"Person\",\"@id\":\"https:\\\/\\\/site1.dev.fccn.pt\\\/#\\\/schema\\\/person\\\/6bcdc553adac8654f5b0ba0662ce1524\",\"name\":\"Maria Carreira\",\"image\":{\"@type\":\"ImageObject\",\"inLanguage\":\"en-GB\",\"@id\":\"https:\\\/\\\/secure.gravatar.com\\\/avatar\\\/9595b1a4b57244bf452cb61369d2f24814e8d979d2bc912f845150616ac58914?s=96&d=mm&r=g\",\"url\":\"https:\\\/\\\/secure.gravatar.com\\\/avatar\\\/9595b1a4b57244bf452cb61369d2f24814e8d979d2bc912f845150616ac58914?s=96&d=mm&r=g\",\"contentUrl\":\"https:\\\/\\\/secure.gravatar.com\\\/avatar\\\/9595b1a4b57244bf452cb61369d2f24814e8d979d2bc912f845150616ac58914?s=96&d=mm&r=g\",\"caption\":\"Maria Carreira\"},\"url\":\"https:\\\/\\\/agse.pt\\\/en\\\/author\\\/maria-carreirafccn-pt\\\/\"}]}<\/script>\n<!-- \/ Yoast SEO plugin. -->","yoast_head_json":{"title":"Reserva de Recrutamento 53 \/ Reserva de Recrutamento Concurso Externo Extraordin\u00e1rio 15 - 2025\/2026 - AGSE","robots":{"index":"index","follow":"follow","max-snippet":"max-snippet:-1","max-image-preview":"max-image-preview:large","max-video-preview":"max-video-preview:-1"},"canonical":"https:\/\/agse.pt\/en\/reserva-de-recrutamento-53-reserva-de-recrutamento-concurso-externo-extraordinario-15-2025-2026\/","og_locale":"en_GB","og_type":"article","og_title":"Reserva de Recrutamento 53 \/ Reserva de Recrutamento Concurso Externo Extraordin\u00e1rio 15 - 2025\/2026 - AGSE","og_description":"Est\u00e3o dispon\u00edveis para consulta as listas definitivas de coloca\u00e7\u00e3o, n\u00e3o coloca\u00e7\u00e3o e retirados da 53.\u00aa Reserva de Recrutamento 2025\/2026 e as listas definitivas de coloca\u00e7\u00e3o e n\u00e3o coloca\u00e7\u00e3o da 15.\u00aa Reserva de Recrutamento do Concurso Externo Extraordin\u00e1rio 2025\/2026. Aplica\u00e7\u00e3o da aceita\u00e7\u00e3o dispon\u00edvel das 0:00 horas de ter\u00e7a-feira, dia 28 de abril, at\u00e9 \u00e0s 23:59 horas [&hellip;]","og_url":"https:\/\/agse.pt\/en\/reserva-de-recrutamento-53-reserva-de-recrutamento-concurso-externo-extraordinario-15-2025-2026\/","og_site_name":"AGSE","article_published_time":"2026-04-27T16:32:09+00:00","og_image":[{"width":1687,"height":1108,"url":"https:\/\/agse.pt\/wp-content\/uploads\/2026\/04\/Imagens-AGSE-1687x1108px-63-1.png","type":"image\/png"}],"author":"Maria Carreira","twitter_card":"summary_large_image","twitter_misc":{"Written by":"Maria Carreira","Est. reading time":"3 minutes"},"schema":{"@context":"https:\/\/schema.org","@graph":[{"@type":"Article","@id":"https:\/\/agse.pt\/reserva-de-recrutamento-53-reserva-de-recrutamento-concurso-externo-extraordinario-15-2025-2026\/#article","isPartOf":{"@id":"https:\/\/agse.pt\/reserva-de-recrutamento-53-reserva-de-recrutamento-concurso-externo-extraordinario-15-2025-2026\/"},"author":{"name":"Maria Carreira","@id":"https:\/\/site1.dev.fccn.pt\/#\/schema\/person\/6bcdc553adac8654f5b0ba0662ce1524"},"headline":"Reserva de Recrutamento 53 \/ Reserva de Recrutamento Concurso Externo Extraordin\u00e1rio 15 &#8211; 2025\/2026","datePublished":"2026-04-27T16:32:09+00:00","mainEntityOfPage":{"@id":"https:\/\/agse.pt\/reserva-de-recrutamento-53-reserva-de-recrutamento-concurso-externo-extraordinario-15-2025-2026\/"},"wordCount":629,"image":{"@id":"https:\/\/agse.pt\/reserva-de-recrutamento-53-reserva-de-recrutamento-concurso-externo-extraordinario-15-2025-2026\/#primaryimage"},"thumbnailUrl":"https:\/\/agse.pt\/wp-content\/uploads\/2026\/04\/Imagens-AGSE-1687x1108px-63-1.png","articleSection":["Reservas de Recrutamento"],"inLanguage":"en-GB"},{"@type":"WebPage","@id":"https:\/\/agse.pt\/reserva-de-recrutamento-53-reserva-de-recrutamento-concurso-externo-extraordinario-15-2025-2026\/","url":"https:\/\/agse.pt\/reserva-de-recrutamento-53-reserva-de-recrutamento-concurso-externo-extraordinario-15-2025-2026\/","name":"Reserva de Recrutamento 53 \/ Reserva de Recrutamento Concurso Externo Extraordin\u00e1rio 15 - 2025\/2026 - AGSE","isPartOf":{"@id":"https:\/\/site1.dev.fccn.pt\/#website"},"primaryImageOfPage":{"@id":"https:\/\/agse.pt\/reserva-de-recrutamento-53-reserva-de-recrutamento-concurso-externo-extraordinario-15-2025-2026\/#primaryimage"},"image":{"@id":"https:\/\/agse.pt\/reserva-de-recrutamento-53-reserva-de-recrutamento-concurso-externo-extraordinario-15-2025-2026\/#primaryimage"},"thumbnailUrl":"https:\/\/agse.pt\/wp-content\/uploads\/2026\/04\/Imagens-AGSE-1687x1108px-63-1.png","datePublished":"2026-04-27T16:32:09+00:00","author":{"@id":"https:\/\/site1.dev.fccn.pt\/#\/schema\/person\/6bcdc553adac8654f5b0ba0662ce1524"},"breadcrumb":{"@id":"https:\/\/agse.pt\/reserva-de-recrutamento-53-reserva-de-recrutamento-concurso-externo-extraordinario-15-2025-2026\/#breadcrumb"},"inLanguage":"en-GB","potentialAction":[{"@type":"ReadAction","target":["https:\/\/agse.pt\/reserva-de-recrutamento-53-reserva-de-recrutamento-concurso-externo-extraordinario-15-2025-2026\/"]}]},{"@type":"ImageObject","inLanguage":"en-GB","@id":"https:\/\/agse.pt\/reserva-de-recrutamento-53-reserva-de-recrutamento-concurso-externo-extraordinario-15-2025-2026\/#primaryimage","url":"https:\/\/agse.pt\/wp-content\/uploads\/2026\/04\/Imagens-AGSE-1687x1108px-63-1.png","contentUrl":"https:\/\/agse.pt\/wp-content\/uploads\/2026\/04\/Imagens-AGSE-1687x1108px-63-1.png","width":1687,"height":1108,"caption":"Imagem gr\u00e1fica institucional da AGSE, com fundo azul escuro e elementos geom\u00e9tricos em azul, branco e verde. No canto superior esquerdo surge o log\u00f3tipo AGSE. Ao centro, em texto verde, l\u00ea\u2011se \u2018Reserva de Recrutamento 53\u2019 e, abaixo de uma linha horizontal branca, \u2018Reserva de Recrutamento do Concurso Externo Extraordin\u00e1rio 15\u2019. No canto inferior direito aparece o ano letivo \u20182025\/2026\u2019."},{"@type":"BreadcrumbList","@id":"https:\/\/agse.pt\/reserva-de-recrutamento-53-reserva-de-recrutamento-concurso-externo-extraordinario-15-2025-2026\/#breadcrumb","itemListElement":[{"@type":"ListItem","position":1,"name":"Home","item":"https:\/\/agse.pt\/"},{"@type":"ListItem","position":2,"name":"Reserva de Recrutamento 53 \/ Reserva de Recrutamento Concurso Externo Extraordin\u00e1rio 15 &#8211; 2025\/2026"}]},{"@type":"WebSite","@id":"https:\/\/site1.dev.fccn.pt\/#website","url":"https:\/\/site1.dev.fccn.pt\/","name":"AGSE","description":"Agency for the Management of the Education System","potentialAction":[{"@type":"SearchAction","target":{"@type":"EntryPoint","urlTemplate":"https:\/\/site1.dev.fccn.pt\/?s={search_term_string}"},"query-input":{"@type":"PropertyValueSpecification","valueRequired":true,"valueName":"search_term_string"}}],"inLanguage":"en-GB"},{"@type":"Person","@id":"https:\/\/site1.dev.fccn.pt\/#\/schema\/person\/6bcdc553adac8654f5b0ba0662ce1524","name":"Maria Carreira","image":{"@type":"ImageObject","inLanguage":"en-GB","@id":"https:\/\/secure.gravatar.com\/avatar\/9595b1a4b57244bf452cb61369d2f24814e8d979d2bc912f845150616ac58914?s=96&d=mm&r=g","url":"https:\/\/secure.gravatar.com\/avatar\/9595b1a4b57244bf452cb61369d2f24814e8d979d2bc912f845150616ac58914?s=96&d=mm&r=g","contentUrl":"https:\/\/secure.gravatar.com\/avatar\/9595b1a4b57244bf452cb61369d2f24814e8d979d2bc912f845150616ac58914?s=96&d=mm&r=g","caption":"Maria Carreira"},"url":"https:\/\/agse.pt\/en\/author\/maria-carreirafccn-pt\/"}]}},"_links":{"self":[{"href":"https:\/\/agse.pt\/en\/wp-json\/wp\/v2\/posts\/5980","targetHints":{"allow":["GET"]}}],"collection":[{"href":"https:\/\/agse.pt\/en\/wp-json\/wp\/v2\/posts"}],"about":[{"href":"https:\/\/agse.pt\/en\/wp-json\/wp\/v2\/types\/post"}],"author":[{"embeddable":true,"href":"https:\/\/agse.pt\/en\/wp-json\/wp\/v2\/users\/11"}],"replies":[{"embeddable":true,"href":"https:\/\/agse.pt\/en\/wp-json\/wp\/v2\/comments?post=5980"}],"version-history":[{"count":2,"href":"https:\/\/agse.pt\/en\/wp-json\/wp\/v2\/posts\/5980\/revisions"}],"predecessor-version":[{"id":6100,"href":"https:\/\/agse.pt\/en\/wp-json\/wp\/v2\/posts\/5980\/revisions\/6100"}],"wp:featuredmedia":[{"embeddable":true,"href":"https:\/\/agse.pt\/en\/wp-json\/wp\/v2\/media\/5981"}],"wp:attachment":[{"href":"https:\/\/agse.pt\/en\/wp-json\/wp\/v2\/media?parent=5980"}],"wp:term":[{"taxonomy":"category","embeddable":true,"href":"https:\/\/agse.pt\/en\/wp-json\/wp\/v2\/categories?post=5980"},{"taxonomy":"post_tag","embeddable":true,"href":"https:\/\/agse.pt\/en\/wp-json\/wp\/v2\/tags?post=5980"}],"curies":[{"name":"wp","href":"https:\/\/api.w.org\/{rel}","templated":true}]}}