{"id":5994,"date":"2026-04-27T11:50:34","date_gmt":"2026-04-27T11:50:34","guid":{"rendered":"https:\/\/agse.pt\/?p=5994"},"modified":"2026-04-27T14:57:58","modified_gmt":"2026-04-27T14:57:58","slug":"publicitacao-de-aviso-de-abertura-de-procedimento-concursal-previo-a-eleicao-de-diretor-a-agrupamento-de-escolas-da-lousa","status":"publish","type":"post","link":"https:\/\/agse.pt\/en\/publicitacao-de-aviso-de-abertura-de-procedimento-concursal-previo-a-eleicao-de-diretor-a-agrupamento-de-escolas-da-lousa\/","title":{"rendered":"Public notice of the opening of a competitive procedure prior to the election of a director \u2013 Lous\u00e3 School Group"},"content":{"rendered":"<h2><strong>Opening of a competitive procedure prior to the election of the director of<b>\u00a0<span data-olk-copy-source=\"MessageBody\">Lous\u00e3 School Group<\/span><\/b><\/strong><\/h2>\n<p>It was published in the Official Gazette. <a href=\"https:\/\/agse.pt\/wp-content\/uploads\/2026\/04\/Aviso-9527.pdf\">Notice 9527<\/a><strong>,\u00a0<\/strong>which determines the opening of the competitive procedure prior to the election of the director of the School Group <span data-olk-copy-source=\"MessageBody\">from Lous\u00e3.<\/span><\/p>\n<p>In accordance with the provisions of Articles 21 and 22 of Decree-Law No. 75\/2008, of April 22, as amended by Decree-Law No. 137\/2012, of July 2, it is hereby announced that the competitive procedure for filling the position of Director of a School Group is open.<span data-olk-copy-source=\"MessageBody\">\u00a0from Lous\u00e3<\/span> within a period of ten working days, starting from the day following the publication of this notice in the Official Gazette.<\/p>\n<h3><strong>Requirements and application process<\/strong><\/h3>\n<p>The application for admission to the competition is formalized by means of a request addressed to the President of the General Council, using the appropriate form available at [website address].\u00a0<a href=\"https:\/\/escolas.aglousa.com\/\">School Group&#039;s website<\/a> and in the Administrative Services, and must be accompanied by the following documents, under penalty of exclusion:<\/p>\n<ul>\n<li><strong><em>Curriculum vitae<\/em>\u00a0detailed<\/strong>, dated, signed and up-to-date, stating respectively the functions performed and the professional training possessed;<\/li>\n<li><strong>Intervention Project<\/strong> in the School Group<\/li>\n<li><strong>Authenticated statement from the originating service.<\/strong>, which includes the category, the employment status, and the length of service;<\/li>\n<li><strong>Declaration of consent<\/strong> for collection and treatment<br \/>\npersonal data;<\/li>\n<li><strong>Photocopy of document proving academic qualifications.<\/strong>;<\/li>\n<li><strong>Photocopy of document proving qualification to perform school administration and management functions.<\/strong>;<\/li>\n<\/ul>\n<p>Candidates may also indicate any other duly documented elements that they consider relevant for the assessment of their application.<\/p>\n<p>Documentary proof of the documents listed is mandatory.\u00a0<em>curriculum vitae<\/em>, with the exception of those that are filed in their respective individual files and that files are located in the administrative services of the Lous\u00e3 School Group.<\/p>\n<h4><strong>Evaluation of applications<\/strong><\/h4>\n<p>The methods for evaluating applications are as follows:<\/p>\n<ul>\n<li><strong>Analysis of\u00a0<em>Curriculum vitae<\/em><\/strong>\u00a0of the candidate, taking into account their relevance to the performance of the duties of director and their merit;<\/li>\n<li><strong>Analysis of the Intervention Project in the School Cluster<\/strong>;<\/li>\n<li>Appreciation of<strong> individual interview.<\/strong><\/li>\n<\/ul>\n<p><strong>Please note that to submit your application you should consult the respective Notice in order to proceed in accordance with the required criteria.<\/strong><\/p>","protected":false},"excerpt":{"rendered":"<p>Abertura de procedimento concursal pr\u00e9vio \u00e0 elei\u00e7\u00e3o do(a) diretor(a) do\u00a0Agrupamento de Escolas\u00a0da Lous\u00e3 Foi publicado em Di\u00e1rio da Rep\u00fablica o Aviso 9527,\u00a0que determina a abertura do procedimento concursal pr\u00e9vio \u00e0 elei\u00e7\u00e3o do(a) diretor(a) do Agrupamento de Escolas da Lous\u00e3. Nos termos do disposto nos artigos 21.\u00ba e 22.\u00ba do Decreto-Lei n.\u00ba 75\/2008, de 22 de [&hellip;]<\/p>\n","protected":false},"author":16,"featured_media":6004,"comment_status":"closed","ping_status":"open","sticky":false,"template":"","format":"standard","meta":{"_acf_changed":false,"footnotes":""},"categories":[1,5],"tags":[],"class_list":["post-5994","post","type-post","status-publish","format-standard","has-post-thumbnail","hentry","category-geral","category-noticias"],"acf":[],"yoast_head":"<!-- This site is optimized with the Yoast SEO plugin v27.5 - https:\/\/yoast.com\/product\/yoast-seo-wordpress\/ -->\n<title>Publicita\u00e7\u00e3o de aviso de abertura de procedimento concursal pr\u00e9vio \u00e0 elei\u00e7\u00e3o de diretor\/a - Agrupamento de Escolas da Lous\u00e3 - AGSE<\/title>\n<meta name=\"robots\" content=\"index, follow, max-snippet:-1, max-image-preview:large, max-video-preview:-1\" \/>\n<link rel=\"canonical\" href=\"https:\/\/agse.pt\/en\/publicitacao-de-aviso-de-abertura-de-procedimento-concursal-previo-a-eleicao-de-diretor-a-agrupamento-de-escolas-da-lousa\/\" \/>\n<meta property=\"og:locale\" content=\"en_GB\" \/>\n<meta property=\"og:type\" content=\"article\" \/>\n<meta property=\"og:title\" content=\"Publicita\u00e7\u00e3o de aviso de abertura de procedimento concursal pr\u00e9vio \u00e0 elei\u00e7\u00e3o de diretor\/a - Agrupamento de Escolas da Lous\u00e3 - AGSE\" \/>\n<meta property=\"og:description\" content=\"Abertura de procedimento concursal pr\u00e9vio \u00e0 elei\u00e7\u00e3o do(a) diretor(a) do\u00a0Agrupamento de Escolas\u00a0da Lous\u00e3 Foi publicado em Di\u00e1rio da Rep\u00fablica o Aviso 9527,\u00a0que determina a abertura do procedimento concursal pr\u00e9vio \u00e0 elei\u00e7\u00e3o do(a) diretor(a) do Agrupamento de Escolas da Lous\u00e3. Nos termos do disposto nos artigos 21.\u00ba e 22.\u00ba do Decreto-Lei n.\u00ba 75\/2008, de 22 de [&hellip;]\" \/>\n<meta property=\"og:url\" content=\"https:\/\/agse.pt\/en\/publicitacao-de-aviso-de-abertura-de-procedimento-concursal-previo-a-eleicao-de-diretor-a-agrupamento-de-escolas-da-lousa\/\" \/>\n<meta property=\"og:site_name\" content=\"AGSE\" \/>\n<meta property=\"article:published_time\" content=\"2026-04-27T11:50:34+00:00\" \/>\n<meta property=\"article:modified_time\" content=\"2026-04-27T14:57:58+00:00\" \/>\n<meta property=\"og:image\" content=\"https:\/\/agse.pt\/wp-content\/uploads\/2026\/04\/Imagens-AGSE-1687x1108px-16.png\" \/>\n\t<meta property=\"og:image:width\" content=\"1687\" \/>\n\t<meta property=\"og:image:height\" content=\"1108\" \/>\n\t<meta property=\"og:image:type\" content=\"image\/png\" \/>\n<meta name=\"author\" content=\"Cristina Magro\" \/>\n<meta name=\"twitter:card\" content=\"summary_large_image\" \/>\n<meta name=\"twitter:label1\" content=\"Written by\" \/>\n\t<meta name=\"twitter:data1\" content=\"Cristina Magro\" \/>\n\t<meta name=\"twitter:label2\" content=\"Est. reading time\" \/>\n\t<meta name=\"twitter:data2\" content=\"3 minutes\" \/>\n<script type=\"application\/ld+json\" class=\"yoast-schema-graph\">{\"@context\":\"https:\\\/\\\/schema.org\",\"@graph\":[{\"@type\":\"Article\",\"@id\":\"https:\\\/\\\/agse.pt\\\/publicitacao-de-aviso-de-abertura-de-procedimento-concursal-previo-a-eleicao-de-diretor-a-agrupamento-de-escolas-da-lousa\\\/#article\",\"isPartOf\":{\"@id\":\"https:\\\/\\\/agse.pt\\\/publicitacao-de-aviso-de-abertura-de-procedimento-concursal-previo-a-eleicao-de-diretor-a-agrupamento-de-escolas-da-lousa\\\/\"},\"author\":{\"name\":\"Cristina Magro\",\"@id\":\"https:\\\/\\\/site1.dev.fccn.pt\\\/#\\\/schema\\\/person\\\/a96b174e0b4adc29bf9edc273f721d18\"},\"headline\":\"Publicita\u00e7\u00e3o de aviso de abertura de procedimento concursal pr\u00e9vio \u00e0 elei\u00e7\u00e3o de diretor\\\/a &#8211; Agrupamento de Escolas da Lous\u00e3\",\"datePublished\":\"2026-04-27T11:50:34+00:00\",\"dateModified\":\"2026-04-27T14:57:58+00:00\",\"mainEntityOfPage\":{\"@id\":\"https:\\\/\\\/agse.pt\\\/publicitacao-de-aviso-de-abertura-de-procedimento-concursal-previo-a-eleicao-de-diretor-a-agrupamento-de-escolas-da-lousa\\\/\"},\"wordCount\":426,\"image\":{\"@id\":\"https:\\\/\\\/agse.pt\\\/publicitacao-de-aviso-de-abertura-de-procedimento-concursal-previo-a-eleicao-de-diretor-a-agrupamento-de-escolas-da-lousa\\\/#primaryimage\"},\"thumbnailUrl\":\"https:\\\/\\\/agse.pt\\\/wp-content\\\/uploads\\\/2026\\\/04\\\/Imagens-AGSE-1687x1108px-16.png\",\"articleSection\":[\"Geral\",\"Not\u00edcias\"],\"inLanguage\":\"en-GB\"},{\"@type\":\"WebPage\",\"@id\":\"https:\\\/\\\/agse.pt\\\/publicitacao-de-aviso-de-abertura-de-procedimento-concursal-previo-a-eleicao-de-diretor-a-agrupamento-de-escolas-da-lousa\\\/\",\"url\":\"https:\\\/\\\/agse.pt\\\/publicitacao-de-aviso-de-abertura-de-procedimento-concursal-previo-a-eleicao-de-diretor-a-agrupamento-de-escolas-da-lousa\\\/\",\"name\":\"Publicita\u00e7\u00e3o de aviso de abertura de procedimento concursal pr\u00e9vio \u00e0 elei\u00e7\u00e3o de diretor\\\/a - Agrupamento de Escolas da Lous\u00e3 - AGSE\",\"isPartOf\":{\"@id\":\"https:\\\/\\\/site1.dev.fccn.pt\\\/#website\"},\"primaryImageOfPage\":{\"@id\":\"https:\\\/\\\/agse.pt\\\/publicitacao-de-aviso-de-abertura-de-procedimento-concursal-previo-a-eleicao-de-diretor-a-agrupamento-de-escolas-da-lousa\\\/#primaryimage\"},\"image\":{\"@id\":\"https:\\\/\\\/agse.pt\\\/publicitacao-de-aviso-de-abertura-de-procedimento-concursal-previo-a-eleicao-de-diretor-a-agrupamento-de-escolas-da-lousa\\\/#primaryimage\"},\"thumbnailUrl\":\"https:\\\/\\\/agse.pt\\\/wp-content\\\/uploads\\\/2026\\\/04\\\/Imagens-AGSE-1687x1108px-16.png\",\"datePublished\":\"2026-04-27T11:50:34+00:00\",\"dateModified\":\"2026-04-27T14:57:58+00:00\",\"author\":{\"@id\":\"https:\\\/\\\/site1.dev.fccn.pt\\\/#\\\/schema\\\/person\\\/a96b174e0b4adc29bf9edc273f721d18\"},\"breadcrumb\":{\"@id\":\"https:\\\/\\\/agse.pt\\\/publicitacao-de-aviso-de-abertura-de-procedimento-concursal-previo-a-eleicao-de-diretor-a-agrupamento-de-escolas-da-lousa\\\/#breadcrumb\"},\"inLanguage\":\"en-GB\",\"potentialAction\":[{\"@type\":\"ReadAction\",\"target\":[\"https:\\\/\\\/agse.pt\\\/publicitacao-de-aviso-de-abertura-de-procedimento-concursal-previo-a-eleicao-de-diretor-a-agrupamento-de-escolas-da-lousa\\\/\"]}]},{\"@type\":\"ImageObject\",\"inLanguage\":\"en-GB\",\"@id\":\"https:\\\/\\\/agse.pt\\\/publicitacao-de-aviso-de-abertura-de-procedimento-concursal-previo-a-eleicao-de-diretor-a-agrupamento-de-escolas-da-lousa\\\/#primaryimage\",\"url\":\"https:\\\/\\\/agse.pt\\\/wp-content\\\/uploads\\\/2026\\\/04\\\/Imagens-AGSE-1687x1108px-16.png\",\"contentUrl\":\"https:\\\/\\\/agse.pt\\\/wp-content\\\/uploads\\\/2026\\\/04\\\/Imagens-AGSE-1687x1108px-16.png\",\"width\":1687,\"height\":1108,\"caption\":\"Imagem institucional da AGSE com fundo branco e formas geom\u00e9tricas em azul e verde. \u00c0 esquerda, texto: \u2018Diretor(a) \u2013 Agrupamento de Escolas da Lous\u00e3. No canto superior direito, log\u00f3tipo da AGSE.\"},{\"@type\":\"BreadcrumbList\",\"@id\":\"https:\\\/\\\/agse.pt\\\/publicitacao-de-aviso-de-abertura-de-procedimento-concursal-previo-a-eleicao-de-diretor-a-agrupamento-de-escolas-da-lousa\\\/#breadcrumb\",\"itemListElement\":[{\"@type\":\"ListItem\",\"position\":1,\"name\":\"Home\",\"item\":\"https:\\\/\\\/agse.pt\\\/\"},{\"@type\":\"ListItem\",\"position\":2,\"name\":\"Publicita\u00e7\u00e3o de aviso de abertura de procedimento concursal pr\u00e9vio \u00e0 elei\u00e7\u00e3o de diretor\\\/a &#8211; Agrupamento de Escolas da Lous\u00e3\"}]},{\"@type\":\"WebSite\",\"@id\":\"https:\\\/\\\/site1.dev.fccn.pt\\\/#website\",\"url\":\"https:\\\/\\\/site1.dev.fccn.pt\\\/\",\"name\":\"AGSE\",\"description\":\"Ag\u00eancia para a Gest\u00e3o do Sistema Educativo\",\"potentialAction\":[{\"@type\":\"SearchAction\",\"target\":{\"@type\":\"EntryPoint\",\"urlTemplate\":\"https:\\\/\\\/site1.dev.fccn.pt\\\/?s={search_term_string}\"},\"query-input\":{\"@type\":\"PropertyValueSpecification\",\"valueRequired\":true,\"valueName\":\"search_term_string\"}}],\"inLanguage\":\"en-GB\"},{\"@type\":\"Person\",\"@id\":\"https:\\\/\\\/site1.dev.fccn.pt\\\/#\\\/schema\\\/person\\\/a96b174e0b4adc29bf9edc273f721d18\",\"name\":\"Cristina Magro\",\"image\":{\"@type\":\"ImageObject\",\"inLanguage\":\"en-GB\",\"@id\":\"https:\\\/\\\/secure.gravatar.com\\\/avatar\\\/806101a6fd4054f823cfcd01679b17e6168a32d87ce2d56fd16947f345ba1d59?s=96&d=mm&r=g\",\"url\":\"https:\\\/\\\/secure.gravatar.com\\\/avatar\\\/806101a6fd4054f823cfcd01679b17e6168a32d87ce2d56fd16947f345ba1d59?s=96&d=mm&r=g\",\"contentUrl\":\"https:\\\/\\\/secure.gravatar.com\\\/avatar\\\/806101a6fd4054f823cfcd01679b17e6168a32d87ce2d56fd16947f345ba1d59?s=96&d=mm&r=g\",\"caption\":\"Cristina Magro\"},\"url\":\"https:\\\/\\\/agse.pt\\\/en\\\/author\\\/cristina-magro\\\/\"}]}<\/script>\n<!-- \/ Yoast SEO plugin. -->","yoast_head_json":{"title":"Publicita\u00e7\u00e3o de aviso de abertura de procedimento concursal pr\u00e9vio \u00e0 elei\u00e7\u00e3o de diretor\/a - Agrupamento de Escolas da Lous\u00e3 - AGSE","robots":{"index":"index","follow":"follow","max-snippet":"max-snippet:-1","max-image-preview":"max-image-preview:large","max-video-preview":"max-video-preview:-1"},"canonical":"https:\/\/agse.pt\/en\/publicitacao-de-aviso-de-abertura-de-procedimento-concursal-previo-a-eleicao-de-diretor-a-agrupamento-de-escolas-da-lousa\/","og_locale":"en_GB","og_type":"article","og_title":"Publicita\u00e7\u00e3o de aviso de abertura de procedimento concursal pr\u00e9vio \u00e0 elei\u00e7\u00e3o de diretor\/a - Agrupamento de Escolas da Lous\u00e3 - AGSE","og_description":"Abertura de procedimento concursal pr\u00e9vio \u00e0 elei\u00e7\u00e3o do(a) diretor(a) do\u00a0Agrupamento de Escolas\u00a0da Lous\u00e3 Foi publicado em Di\u00e1rio da Rep\u00fablica o Aviso 9527,\u00a0que determina a abertura do procedimento concursal pr\u00e9vio \u00e0 elei\u00e7\u00e3o do(a) diretor(a) do Agrupamento de Escolas da Lous\u00e3. Nos termos do disposto nos artigos 21.\u00ba e 22.\u00ba do Decreto-Lei n.\u00ba 75\/2008, de 22 de [&hellip;]","og_url":"https:\/\/agse.pt\/en\/publicitacao-de-aviso-de-abertura-de-procedimento-concursal-previo-a-eleicao-de-diretor-a-agrupamento-de-escolas-da-lousa\/","og_site_name":"AGSE","article_published_time":"2026-04-27T11:50:34+00:00","article_modified_time":"2026-04-27T14:57:58+00:00","og_image":[{"width":1687,"height":1108,"url":"https:\/\/agse.pt\/wp-content\/uploads\/2026\/04\/Imagens-AGSE-1687x1108px-16.png","type":"image\/png"}],"author":"Cristina Magro","twitter_card":"summary_large_image","twitter_misc":{"Written by":"Cristina Magro","Est. reading time":"3 minutes"},"schema":{"@context":"https:\/\/schema.org","@graph":[{"@type":"Article","@id":"https:\/\/agse.pt\/publicitacao-de-aviso-de-abertura-de-procedimento-concursal-previo-a-eleicao-de-diretor-a-agrupamento-de-escolas-da-lousa\/#article","isPartOf":{"@id":"https:\/\/agse.pt\/publicitacao-de-aviso-de-abertura-de-procedimento-concursal-previo-a-eleicao-de-diretor-a-agrupamento-de-escolas-da-lousa\/"},"author":{"name":"Cristina Magro","@id":"https:\/\/site1.dev.fccn.pt\/#\/schema\/person\/a96b174e0b4adc29bf9edc273f721d18"},"headline":"Publicita\u00e7\u00e3o de aviso de abertura de procedimento concursal pr\u00e9vio \u00e0 elei\u00e7\u00e3o de diretor\/a &#8211; Agrupamento de Escolas da Lous\u00e3","datePublished":"2026-04-27T11:50:34+00:00","dateModified":"2026-04-27T14:57:58+00:00","mainEntityOfPage":{"@id":"https:\/\/agse.pt\/publicitacao-de-aviso-de-abertura-de-procedimento-concursal-previo-a-eleicao-de-diretor-a-agrupamento-de-escolas-da-lousa\/"},"wordCount":426,"image":{"@id":"https:\/\/agse.pt\/publicitacao-de-aviso-de-abertura-de-procedimento-concursal-previo-a-eleicao-de-diretor-a-agrupamento-de-escolas-da-lousa\/#primaryimage"},"thumbnailUrl":"https:\/\/agse.pt\/wp-content\/uploads\/2026\/04\/Imagens-AGSE-1687x1108px-16.png","articleSection":["Geral","Not\u00edcias"],"inLanguage":"en-GB"},{"@type":"WebPage","@id":"https:\/\/agse.pt\/publicitacao-de-aviso-de-abertura-de-procedimento-concursal-previo-a-eleicao-de-diretor-a-agrupamento-de-escolas-da-lousa\/","url":"https:\/\/agse.pt\/publicitacao-de-aviso-de-abertura-de-procedimento-concursal-previo-a-eleicao-de-diretor-a-agrupamento-de-escolas-da-lousa\/","name":"Publicita\u00e7\u00e3o de aviso de abertura de procedimento concursal pr\u00e9vio \u00e0 elei\u00e7\u00e3o de diretor\/a - Agrupamento de Escolas da Lous\u00e3 - AGSE","isPartOf":{"@id":"https:\/\/site1.dev.fccn.pt\/#website"},"primaryImageOfPage":{"@id":"https:\/\/agse.pt\/publicitacao-de-aviso-de-abertura-de-procedimento-concursal-previo-a-eleicao-de-diretor-a-agrupamento-de-escolas-da-lousa\/#primaryimage"},"image":{"@id":"https:\/\/agse.pt\/publicitacao-de-aviso-de-abertura-de-procedimento-concursal-previo-a-eleicao-de-diretor-a-agrupamento-de-escolas-da-lousa\/#primaryimage"},"thumbnailUrl":"https:\/\/agse.pt\/wp-content\/uploads\/2026\/04\/Imagens-AGSE-1687x1108px-16.png","datePublished":"2026-04-27T11:50:34+00:00","dateModified":"2026-04-27T14:57:58+00:00","author":{"@id":"https:\/\/site1.dev.fccn.pt\/#\/schema\/person\/a96b174e0b4adc29bf9edc273f721d18"},"breadcrumb":{"@id":"https:\/\/agse.pt\/publicitacao-de-aviso-de-abertura-de-procedimento-concursal-previo-a-eleicao-de-diretor-a-agrupamento-de-escolas-da-lousa\/#breadcrumb"},"inLanguage":"en-GB","potentialAction":[{"@type":"ReadAction","target":["https:\/\/agse.pt\/publicitacao-de-aviso-de-abertura-de-procedimento-concursal-previo-a-eleicao-de-diretor-a-agrupamento-de-escolas-da-lousa\/"]}]},{"@type":"ImageObject","inLanguage":"en-GB","@id":"https:\/\/agse.pt\/publicitacao-de-aviso-de-abertura-de-procedimento-concursal-previo-a-eleicao-de-diretor-a-agrupamento-de-escolas-da-lousa\/#primaryimage","url":"https:\/\/agse.pt\/wp-content\/uploads\/2026\/04\/Imagens-AGSE-1687x1108px-16.png","contentUrl":"https:\/\/agse.pt\/wp-content\/uploads\/2026\/04\/Imagens-AGSE-1687x1108px-16.png","width":1687,"height":1108,"caption":"Imagem institucional da AGSE com fundo branco e formas geom\u00e9tricas em azul e verde. \u00c0 esquerda, texto: \u2018Diretor(a) \u2013 Agrupamento de Escolas da Lous\u00e3. No canto superior direito, log\u00f3tipo da AGSE."},{"@type":"BreadcrumbList","@id":"https:\/\/agse.pt\/publicitacao-de-aviso-de-abertura-de-procedimento-concursal-previo-a-eleicao-de-diretor-a-agrupamento-de-escolas-da-lousa\/#breadcrumb","itemListElement":[{"@type":"ListItem","position":1,"name":"Home","item":"https:\/\/agse.pt\/"},{"@type":"ListItem","position":2,"name":"Publicita\u00e7\u00e3o de aviso de abertura de procedimento concursal pr\u00e9vio \u00e0 elei\u00e7\u00e3o de diretor\/a &#8211; Agrupamento de Escolas da Lous\u00e3"}]},{"@type":"WebSite","@id":"https:\/\/site1.dev.fccn.pt\/#website","url":"https:\/\/site1.dev.fccn.pt\/","name":"AGSE","description":"Agency for the Management of the Education System","potentialAction":[{"@type":"SearchAction","target":{"@type":"EntryPoint","urlTemplate":"https:\/\/site1.dev.fccn.pt\/?s={search_term_string}"},"query-input":{"@type":"PropertyValueSpecification","valueRequired":true,"valueName":"search_term_string"}}],"inLanguage":"en-GB"},{"@type":"Person","@id":"https:\/\/site1.dev.fccn.pt\/#\/schema\/person\/a96b174e0b4adc29bf9edc273f721d18","name":"Cristina Magro","image":{"@type":"ImageObject","inLanguage":"en-GB","@id":"https:\/\/secure.gravatar.com\/avatar\/806101a6fd4054f823cfcd01679b17e6168a32d87ce2d56fd16947f345ba1d59?s=96&d=mm&r=g","url":"https:\/\/secure.gravatar.com\/avatar\/806101a6fd4054f823cfcd01679b17e6168a32d87ce2d56fd16947f345ba1d59?s=96&d=mm&r=g","contentUrl":"https:\/\/secure.gravatar.com\/avatar\/806101a6fd4054f823cfcd01679b17e6168a32d87ce2d56fd16947f345ba1d59?s=96&d=mm&r=g","caption":"Cristina Magro"},"url":"https:\/\/agse.pt\/en\/author\/cristina-magro\/"}]}},"_links":{"self":[{"href":"https:\/\/agse.pt\/en\/wp-json\/wp\/v2\/posts\/5994","targetHints":{"allow":["GET"]}}],"collection":[{"href":"https:\/\/agse.pt\/en\/wp-json\/wp\/v2\/posts"}],"about":[{"href":"https:\/\/agse.pt\/en\/wp-json\/wp\/v2\/types\/post"}],"author":[{"embeddable":true,"href":"https:\/\/agse.pt\/en\/wp-json\/wp\/v2\/users\/16"}],"replies":[{"embeddable":true,"href":"https:\/\/agse.pt\/en\/wp-json\/wp\/v2\/comments?post=5994"}],"version-history":[{"count":3,"href":"https:\/\/agse.pt\/en\/wp-json\/wp\/v2\/posts\/5994\/revisions"}],"predecessor-version":[{"id":5999,"href":"https:\/\/agse.pt\/en\/wp-json\/wp\/v2\/posts\/5994\/revisions\/5999"}],"wp:featuredmedia":[{"embeddable":true,"href":"https:\/\/agse.pt\/en\/wp-json\/wp\/v2\/media\/6004"}],"wp:attachment":[{"href":"https:\/\/agse.pt\/en\/wp-json\/wp\/v2\/media?parent=5994"}],"wp:term":[{"taxonomy":"category","embeddable":true,"href":"https:\/\/agse.pt\/en\/wp-json\/wp\/v2\/categories?post=5994"},{"taxonomy":"post_tag","embeddable":true,"href":"https:\/\/agse.pt\/en\/wp-json\/wp\/v2\/tags?post=5994"}],"curies":[{"name":"wp","href":"https:\/\/api.w.org\/{rel}","templated":true}]}}