{"id":6154,"date":"2026-04-29T10:38:42","date_gmt":"2026-04-29T10:38:42","guid":{"rendered":"https:\/\/agse.pt\/?p=6154"},"modified":"2026-04-29T10:38:42","modified_gmt":"2026-04-29T10:38:42","slug":"publicitacao-de-aviso-de-abertura-de-procedimento-concursal-previo-a-eleicao-de-diretor-a-agrupamento-de-escolas-de-mem-martins-sintra","status":"publish","type":"post","link":"https:\/\/agse.pt\/en\/publicitacao-de-aviso-de-abertura-de-procedimento-concursal-previo-a-eleicao-de-diretor-a-agrupamento-de-escolas-de-mem-martins-sintra\/","title":{"rendered":"Public notice of the opening of a competitive procedure prior to the election of a director \u2013 Mem Martins School Group, Sintra"},"content":{"rendered":"<h2><strong>Opening of a competitive procedure prior to the election of the director of<b> Mem Martins School Group, Sintra<\/b><\/strong><\/h2>\n<p>It was published in the Official Gazette. <strong><a href=\"https:\/\/files.diariodarepublica.pt\/2s\/2026\/04\/083000000\/0008700088.pdf\">Notice No. 9842\/2026\/2<\/a><\/strong><strong>,\u00a0<\/strong>which determines the opening of the competitive procedure prior to the election of the director of\u00a0<strong><b>Mem Martins School Group, Sintra.<\/b><\/strong><\/p>\n<p>In accordance with the provisions of Articles 22, 22-A and 22-B of Decree-Law No. 75\/2008, of 22<br \/>\nApril, amended and republished by Decree-Law No. 137\/2012, of July 2, it is hereby made public that a competition is open for the position of Director of the Mem Martins School Group, for a period of 10 working days, starting from the day following the publication of this Notice in the Official Gazette.<\/p>\n<h3><strong>Requirements and application process<\/strong><\/h3>\n<p>The admission requirements for the competition are those set out in paragraphs 3, 4 and 5 of Article 21 of...<br \/>\nDecree-Law No. 75\/2008, of April 22, amended by Decree-Law No. 137\/2012, of July 2.<\/p>\n<p style=\"text-align: left;\">Applications must be formalized by means of a request on a specific form, available at the Administrative Services of the main school (Mem Martins Secondary School) and at... <a href=\"https:\/\/www.aememmartins.pt\">Group&#039;s website<\/a>, addressed to the President of the General Council of the Mem Martins School Group, and may be delivered in person to the Administrative Services of the main school during the following hours (Morning: 09:30 to 13:00; Afternoon: 14:00 to 15:45), every working day, except Wednesdays when they are closed, or sent by registered mail, dispatched before the deadline set for the submission of applications.<\/p>\n<p>The application must include the following elements:<\/p>\n<ul>\n<li>Full identification, name, parentage, place of birth, date of birth, citizen card number and expiry date or identity card number, issue date and expiry date and issuing service, taxpayer identification number, residence, postal code, telephone or mobile phone number and email address;<\/li>\n<li>Academic qualifications and professional status;<\/li>\n<li>Identification of the position to which you are applying, referencing the date and publication of the respective notice.<br \/>\nin the Official Gazette.<\/li>\n<\/ul>\n<p>Applications for admission must be accompanied by the following documentation:,<br \/>\nunder penalty of exclusion:<\/p>\n<ul>\n<li><em><strong>Curriculum vitae<\/strong><\/em>, detailed;<\/li>\n<li><strong>Intervention Project in the School Group<\/strong>;<\/li>\n<li><strong>Authenticated statement from the originating service.<\/strong>, which includes the category, the type of employment, and the length of service.<br \/>\nservice;<\/li>\n<li><strong>Certified photocopy<\/strong> document <strong>proof of academic qualifications<\/strong>;<\/li>\n<li><strong>Certified photocopy of professional training certificates<\/strong> that qualify them to perform the duties of the position; Candidates may also indicate any other duly proven elements,<br \/>\nthat they consider relevant for assessing its merit.<\/li>\n<\/ul>\n<p>Documentary proof of the elements included in the curriculum is mandatory, with the exception of those that are filed in the respective individual file if it is located at the main school where the procedure is taking place.<\/p>\n<h3><strong>Evaluation of applications<\/strong><\/h3>\n<p>The selection methods (to be used for evaluating the application) are as follows:<\/p>\n<ul>\n<li>A <strong>analysis of <em>curriculum vitae<\/em><\/strong>, from each candidate;<\/li>\n<li>A <strong>analysis of the intervention project in the School Group<\/strong>, aiming to assess the relevance of such a project and the coherence between the problems diagnosed and the proposed intervention strategies, and the resources to be mobilized for this purpose;<\/li>\n<li>O <strong>result of the individual interview conducted with the candidate<\/strong>;<\/li>\n<li><strong>Oral hearing of the candidates to be decided by the General Council.<\/strong><\/li>\n<\/ul>\n<p><strong>Please note that to submit your application you should consult the respective Notice in order to proceed in accordance with the required criteria.<\/strong><\/p>","protected":false},"excerpt":{"rendered":"<p>Abertura de procedimento concursal pr\u00e9vio \u00e0 elei\u00e7\u00e3o do(a) diretor(a) do Agrupamento de Escolas de Mem Martins, Sintra Foi publicado em Di\u00e1rio da Rep\u00fablica o Aviso n.\u00ba 9842\/2026\/2,\u00a0que determina a abertura do procedimento concursal pr\u00e9vio \u00e0 elei\u00e7\u00e3o do(a) diretor(a) do\u00a0Agrupamento de Escolas de Mem Martins, Sintra. Nos termos do disposto nos artigos 22.\u00ba, 22.\u00ba &#8211; A [&hellip;]<\/p>\n","protected":false},"author":15,"featured_media":6155,"comment_status":"closed","ping_status":"open","sticky":false,"template":"","format":"standard","meta":{"_acf_changed":false,"footnotes":""},"categories":[1],"tags":[],"class_list":["post-6154","post","type-post","status-publish","format-standard","has-post-thumbnail","hentry","category-geral"],"acf":[],"yoast_head":"<!-- This site is optimized with the Yoast SEO plugin v27.5 - https:\/\/yoast.com\/product\/yoast-seo-wordpress\/ -->\n<title>Publicita\u00e7\u00e3o de aviso de abertura de procedimento concursal pr\u00e9vio \u00e0 elei\u00e7\u00e3o de diretor\/a \u2013 Agrupamento de Escolas de Mem Martins, Sintra - AGSE<\/title>\n<meta name=\"robots\" content=\"index, follow, max-snippet:-1, max-image-preview:large, max-video-preview:-1\" \/>\n<link rel=\"canonical\" href=\"https:\/\/agse.pt\/en\/publicitacao-de-aviso-de-abertura-de-procedimento-concursal-previo-a-eleicao-de-diretor-a-agrupamento-de-escolas-de-mem-martins-sintra\/\" \/>\n<meta property=\"og:locale\" content=\"en_GB\" \/>\n<meta property=\"og:type\" content=\"article\" \/>\n<meta property=\"og:title\" content=\"Publicita\u00e7\u00e3o de aviso de abertura de procedimento concursal pr\u00e9vio \u00e0 elei\u00e7\u00e3o de diretor\/a \u2013 Agrupamento de Escolas de Mem Martins, Sintra - AGSE\" \/>\n<meta property=\"og:description\" content=\"Abertura de procedimento concursal pr\u00e9vio \u00e0 elei\u00e7\u00e3o do(a) diretor(a) do Agrupamento de Escolas de Mem Martins, Sintra Foi publicado em Di\u00e1rio da Rep\u00fablica o Aviso n.\u00ba 9842\/2026\/2,\u00a0que determina a abertura do procedimento concursal pr\u00e9vio \u00e0 elei\u00e7\u00e3o do(a) diretor(a) do\u00a0Agrupamento de Escolas de Mem Martins, Sintra. Nos termos do disposto nos artigos 22.\u00ba, 22.\u00ba &#8211; A [&hellip;]\" \/>\n<meta property=\"og:url\" content=\"https:\/\/agse.pt\/en\/publicitacao-de-aviso-de-abertura-de-procedimento-concursal-previo-a-eleicao-de-diretor-a-agrupamento-de-escolas-de-mem-martins-sintra\/\" \/>\n<meta property=\"og:site_name\" content=\"AGSE\" \/>\n<meta property=\"article:published_time\" content=\"2026-04-29T10:38:42+00:00\" \/>\n<meta property=\"og:image\" content=\"https:\/\/agse.pt\/wp-content\/uploads\/2026\/04\/Agrupamento-de-Escolas-de-Mem-Martins.png\" \/>\n\t<meta property=\"og:image:width\" content=\"1687\" \/>\n\t<meta property=\"og:image:height\" content=\"1108\" \/>\n\t<meta property=\"og:image:type\" content=\"image\/png\" \/>\n<meta name=\"author\" content=\"Sandra Cordeiro\" \/>\n<meta name=\"twitter:card\" content=\"summary_large_image\" \/>\n<meta name=\"twitter:label1\" content=\"Written by\" \/>\n\t<meta name=\"twitter:data1\" content=\"Sandra Cordeiro\" \/>\n\t<meta name=\"twitter:label2\" content=\"Est. reading time\" \/>\n\t<meta name=\"twitter:data2\" content=\"4 minutes\" \/>\n<script type=\"application\/ld+json\" class=\"yoast-schema-graph\">{\"@context\":\"https:\\\/\\\/schema.org\",\"@graph\":[{\"@type\":\"Article\",\"@id\":\"https:\\\/\\\/agse.pt\\\/publicitacao-de-aviso-de-abertura-de-procedimento-concursal-previo-a-eleicao-de-diretor-a-agrupamento-de-escolas-de-mem-martins-sintra\\\/#article\",\"isPartOf\":{\"@id\":\"https:\\\/\\\/agse.pt\\\/publicitacao-de-aviso-de-abertura-de-procedimento-concursal-previo-a-eleicao-de-diretor-a-agrupamento-de-escolas-de-mem-martins-sintra\\\/\"},\"author\":{\"name\":\"Sandra Cordeiro\",\"@id\":\"https:\\\/\\\/site1.dev.fccn.pt\\\/#\\\/schema\\\/person\\\/ff34e4e384d67b7a32ee30356020a42f\"},\"headline\":\"Publicita\u00e7\u00e3o de aviso de abertura de procedimento concursal pr\u00e9vio \u00e0 elei\u00e7\u00e3o de diretor\\\/a \u2013 Agrupamento de Escolas de Mem Martins, Sintra\",\"datePublished\":\"2026-04-29T10:38:42+00:00\",\"mainEntityOfPage\":{\"@id\":\"https:\\\/\\\/agse.pt\\\/publicitacao-de-aviso-de-abertura-de-procedimento-concursal-previo-a-eleicao-de-diretor-a-agrupamento-de-escolas-de-mem-martins-sintra\\\/\"},\"wordCount\":626,\"image\":{\"@id\":\"https:\\\/\\\/agse.pt\\\/publicitacao-de-aviso-de-abertura-de-procedimento-concursal-previo-a-eleicao-de-diretor-a-agrupamento-de-escolas-de-mem-martins-sintra\\\/#primaryimage\"},\"thumbnailUrl\":\"https:\\\/\\\/agse.pt\\\/wp-content\\\/uploads\\\/2026\\\/04\\\/Agrupamento-de-Escolas-de-Mem-Martins.png\",\"articleSection\":[\"Geral\"],\"inLanguage\":\"en-GB\"},{\"@type\":\"WebPage\",\"@id\":\"https:\\\/\\\/agse.pt\\\/publicitacao-de-aviso-de-abertura-de-procedimento-concursal-previo-a-eleicao-de-diretor-a-agrupamento-de-escolas-de-mem-martins-sintra\\\/\",\"url\":\"https:\\\/\\\/agse.pt\\\/publicitacao-de-aviso-de-abertura-de-procedimento-concursal-previo-a-eleicao-de-diretor-a-agrupamento-de-escolas-de-mem-martins-sintra\\\/\",\"name\":\"Publicita\u00e7\u00e3o de aviso de abertura de procedimento concursal pr\u00e9vio \u00e0 elei\u00e7\u00e3o de diretor\\\/a \u2013 Agrupamento de Escolas de Mem Martins, Sintra - AGSE\",\"isPartOf\":{\"@id\":\"https:\\\/\\\/site1.dev.fccn.pt\\\/#website\"},\"primaryImageOfPage\":{\"@id\":\"https:\\\/\\\/agse.pt\\\/publicitacao-de-aviso-de-abertura-de-procedimento-concursal-previo-a-eleicao-de-diretor-a-agrupamento-de-escolas-de-mem-martins-sintra\\\/#primaryimage\"},\"image\":{\"@id\":\"https:\\\/\\\/agse.pt\\\/publicitacao-de-aviso-de-abertura-de-procedimento-concursal-previo-a-eleicao-de-diretor-a-agrupamento-de-escolas-de-mem-martins-sintra\\\/#primaryimage\"},\"thumbnailUrl\":\"https:\\\/\\\/agse.pt\\\/wp-content\\\/uploads\\\/2026\\\/04\\\/Agrupamento-de-Escolas-de-Mem-Martins.png\",\"datePublished\":\"2026-04-29T10:38:42+00:00\",\"author\":{\"@id\":\"https:\\\/\\\/site1.dev.fccn.pt\\\/#\\\/schema\\\/person\\\/ff34e4e384d67b7a32ee30356020a42f\"},\"breadcrumb\":{\"@id\":\"https:\\\/\\\/agse.pt\\\/publicitacao-de-aviso-de-abertura-de-procedimento-concursal-previo-a-eleicao-de-diretor-a-agrupamento-de-escolas-de-mem-martins-sintra\\\/#breadcrumb\"},\"inLanguage\":\"en-GB\",\"potentialAction\":[{\"@type\":\"ReadAction\",\"target\":[\"https:\\\/\\\/agse.pt\\\/publicitacao-de-aviso-de-abertura-de-procedimento-concursal-previo-a-eleicao-de-diretor-a-agrupamento-de-escolas-de-mem-martins-sintra\\\/\"]}]},{\"@type\":\"ImageObject\",\"inLanguage\":\"en-GB\",\"@id\":\"https:\\\/\\\/agse.pt\\\/publicitacao-de-aviso-de-abertura-de-procedimento-concursal-previo-a-eleicao-de-diretor-a-agrupamento-de-escolas-de-mem-martins-sintra\\\/#primaryimage\",\"url\":\"https:\\\/\\\/agse.pt\\\/wp-content\\\/uploads\\\/2026\\\/04\\\/Agrupamento-de-Escolas-de-Mem-Martins.png\",\"contentUrl\":\"https:\\\/\\\/agse.pt\\\/wp-content\\\/uploads\\\/2026\\\/04\\\/Agrupamento-de-Escolas-de-Mem-Martins.png\",\"width\":1687,\"height\":1108,\"caption\":\"Imagem institucional da AGSE com fundo branco, formas geom\u00e9tricas em azul e verde e o texto \u201cDiretor(a) \u2013 Agrupamento de Escolas de Mem Martins\u201d, com o log\u00f3tipo da AGSE no canto superior.\"},{\"@type\":\"BreadcrumbList\",\"@id\":\"https:\\\/\\\/agse.pt\\\/publicitacao-de-aviso-de-abertura-de-procedimento-concursal-previo-a-eleicao-de-diretor-a-agrupamento-de-escolas-de-mem-martins-sintra\\\/#breadcrumb\",\"itemListElement\":[{\"@type\":\"ListItem\",\"position\":1,\"name\":\"Home\",\"item\":\"https:\\\/\\\/agse.pt\\\/\"},{\"@type\":\"ListItem\",\"position\":2,\"name\":\"Publicita\u00e7\u00e3o de aviso de abertura de procedimento concursal pr\u00e9vio \u00e0 elei\u00e7\u00e3o de diretor\\\/a \u2013 Agrupamento de Escolas de Mem Martins, Sintra\"}]},{\"@type\":\"WebSite\",\"@id\":\"https:\\\/\\\/site1.dev.fccn.pt\\\/#website\",\"url\":\"https:\\\/\\\/site1.dev.fccn.pt\\\/\",\"name\":\"AGSE\",\"description\":\"Ag\u00eancia para a Gest\u00e3o do Sistema Educativo\",\"potentialAction\":[{\"@type\":\"SearchAction\",\"target\":{\"@type\":\"EntryPoint\",\"urlTemplate\":\"https:\\\/\\\/site1.dev.fccn.pt\\\/?s={search_term_string}\"},\"query-input\":{\"@type\":\"PropertyValueSpecification\",\"valueRequired\":true,\"valueName\":\"search_term_string\"}}],\"inLanguage\":\"en-GB\"},{\"@type\":\"Person\",\"@id\":\"https:\\\/\\\/site1.dev.fccn.pt\\\/#\\\/schema\\\/person\\\/ff34e4e384d67b7a32ee30356020a42f\",\"name\":\"Sandra Cordeiro\",\"image\":{\"@type\":\"ImageObject\",\"inLanguage\":\"en-GB\",\"@id\":\"https:\\\/\\\/secure.gravatar.com\\\/avatar\\\/0f1d17c37f352406962a22f7a0dd07d25152bbdcf22b01c9fa416f9dd44f11c3?s=96&d=mm&r=g\",\"url\":\"https:\\\/\\\/secure.gravatar.com\\\/avatar\\\/0f1d17c37f352406962a22f7a0dd07d25152bbdcf22b01c9fa416f9dd44f11c3?s=96&d=mm&r=g\",\"contentUrl\":\"https:\\\/\\\/secure.gravatar.com\\\/avatar\\\/0f1d17c37f352406962a22f7a0dd07d25152bbdcf22b01c9fa416f9dd44f11c3?s=96&d=mm&r=g\",\"caption\":\"Sandra Cordeiro\"},\"url\":\"https:\\\/\\\/agse.pt\\\/en\\\/author\\\/sandra-cordeiro\\\/\"}]}<\/script>\n<!-- \/ Yoast SEO plugin. -->","yoast_head_json":{"title":"Publicita\u00e7\u00e3o de aviso de abertura de procedimento concursal pr\u00e9vio \u00e0 elei\u00e7\u00e3o de diretor\/a \u2013 Agrupamento de Escolas de Mem Martins, Sintra - AGSE","robots":{"index":"index","follow":"follow","max-snippet":"max-snippet:-1","max-image-preview":"max-image-preview:large","max-video-preview":"max-video-preview:-1"},"canonical":"https:\/\/agse.pt\/en\/publicitacao-de-aviso-de-abertura-de-procedimento-concursal-previo-a-eleicao-de-diretor-a-agrupamento-de-escolas-de-mem-martins-sintra\/","og_locale":"en_GB","og_type":"article","og_title":"Publicita\u00e7\u00e3o de aviso de abertura de procedimento concursal pr\u00e9vio \u00e0 elei\u00e7\u00e3o de diretor\/a \u2013 Agrupamento de Escolas de Mem Martins, Sintra - AGSE","og_description":"Abertura de procedimento concursal pr\u00e9vio \u00e0 elei\u00e7\u00e3o do(a) diretor(a) do Agrupamento de Escolas de Mem Martins, Sintra Foi publicado em Di\u00e1rio da Rep\u00fablica o Aviso n.\u00ba 9842\/2026\/2,\u00a0que determina a abertura do procedimento concursal pr\u00e9vio \u00e0 elei\u00e7\u00e3o do(a) diretor(a) do\u00a0Agrupamento de Escolas de Mem Martins, Sintra. Nos termos do disposto nos artigos 22.\u00ba, 22.\u00ba &#8211; A [&hellip;]","og_url":"https:\/\/agse.pt\/en\/publicitacao-de-aviso-de-abertura-de-procedimento-concursal-previo-a-eleicao-de-diretor-a-agrupamento-de-escolas-de-mem-martins-sintra\/","og_site_name":"AGSE","article_published_time":"2026-04-29T10:38:42+00:00","og_image":[{"width":1687,"height":1108,"url":"https:\/\/agse.pt\/wp-content\/uploads\/2026\/04\/Agrupamento-de-Escolas-de-Mem-Martins.png","type":"image\/png"}],"author":"Sandra Cordeiro","twitter_card":"summary_large_image","twitter_misc":{"Written by":"Sandra Cordeiro","Est. reading time":"4 minutes"},"schema":{"@context":"https:\/\/schema.org","@graph":[{"@type":"Article","@id":"https:\/\/agse.pt\/publicitacao-de-aviso-de-abertura-de-procedimento-concursal-previo-a-eleicao-de-diretor-a-agrupamento-de-escolas-de-mem-martins-sintra\/#article","isPartOf":{"@id":"https:\/\/agse.pt\/publicitacao-de-aviso-de-abertura-de-procedimento-concursal-previo-a-eleicao-de-diretor-a-agrupamento-de-escolas-de-mem-martins-sintra\/"},"author":{"name":"Sandra Cordeiro","@id":"https:\/\/site1.dev.fccn.pt\/#\/schema\/person\/ff34e4e384d67b7a32ee30356020a42f"},"headline":"Publicita\u00e7\u00e3o de aviso de abertura de procedimento concursal pr\u00e9vio \u00e0 elei\u00e7\u00e3o de diretor\/a \u2013 Agrupamento de Escolas de Mem Martins, Sintra","datePublished":"2026-04-29T10:38:42+00:00","mainEntityOfPage":{"@id":"https:\/\/agse.pt\/publicitacao-de-aviso-de-abertura-de-procedimento-concursal-previo-a-eleicao-de-diretor-a-agrupamento-de-escolas-de-mem-martins-sintra\/"},"wordCount":626,"image":{"@id":"https:\/\/agse.pt\/publicitacao-de-aviso-de-abertura-de-procedimento-concursal-previo-a-eleicao-de-diretor-a-agrupamento-de-escolas-de-mem-martins-sintra\/#primaryimage"},"thumbnailUrl":"https:\/\/agse.pt\/wp-content\/uploads\/2026\/04\/Agrupamento-de-Escolas-de-Mem-Martins.png","articleSection":["Geral"],"inLanguage":"en-GB"},{"@type":"WebPage","@id":"https:\/\/agse.pt\/publicitacao-de-aviso-de-abertura-de-procedimento-concursal-previo-a-eleicao-de-diretor-a-agrupamento-de-escolas-de-mem-martins-sintra\/","url":"https:\/\/agse.pt\/publicitacao-de-aviso-de-abertura-de-procedimento-concursal-previo-a-eleicao-de-diretor-a-agrupamento-de-escolas-de-mem-martins-sintra\/","name":"Publicita\u00e7\u00e3o de aviso de abertura de procedimento concursal pr\u00e9vio \u00e0 elei\u00e7\u00e3o de diretor\/a \u2013 Agrupamento de Escolas de Mem Martins, Sintra - AGSE","isPartOf":{"@id":"https:\/\/site1.dev.fccn.pt\/#website"},"primaryImageOfPage":{"@id":"https:\/\/agse.pt\/publicitacao-de-aviso-de-abertura-de-procedimento-concursal-previo-a-eleicao-de-diretor-a-agrupamento-de-escolas-de-mem-martins-sintra\/#primaryimage"},"image":{"@id":"https:\/\/agse.pt\/publicitacao-de-aviso-de-abertura-de-procedimento-concursal-previo-a-eleicao-de-diretor-a-agrupamento-de-escolas-de-mem-martins-sintra\/#primaryimage"},"thumbnailUrl":"https:\/\/agse.pt\/wp-content\/uploads\/2026\/04\/Agrupamento-de-Escolas-de-Mem-Martins.png","datePublished":"2026-04-29T10:38:42+00:00","author":{"@id":"https:\/\/site1.dev.fccn.pt\/#\/schema\/person\/ff34e4e384d67b7a32ee30356020a42f"},"breadcrumb":{"@id":"https:\/\/agse.pt\/publicitacao-de-aviso-de-abertura-de-procedimento-concursal-previo-a-eleicao-de-diretor-a-agrupamento-de-escolas-de-mem-martins-sintra\/#breadcrumb"},"inLanguage":"en-GB","potentialAction":[{"@type":"ReadAction","target":["https:\/\/agse.pt\/publicitacao-de-aviso-de-abertura-de-procedimento-concursal-previo-a-eleicao-de-diretor-a-agrupamento-de-escolas-de-mem-martins-sintra\/"]}]},{"@type":"ImageObject","inLanguage":"en-GB","@id":"https:\/\/agse.pt\/publicitacao-de-aviso-de-abertura-de-procedimento-concursal-previo-a-eleicao-de-diretor-a-agrupamento-de-escolas-de-mem-martins-sintra\/#primaryimage","url":"https:\/\/agse.pt\/wp-content\/uploads\/2026\/04\/Agrupamento-de-Escolas-de-Mem-Martins.png","contentUrl":"https:\/\/agse.pt\/wp-content\/uploads\/2026\/04\/Agrupamento-de-Escolas-de-Mem-Martins.png","width":1687,"height":1108,"caption":"Imagem institucional da AGSE com fundo branco, formas geom\u00e9tricas em azul e verde e o texto \u201cDiretor(a) \u2013 Agrupamento de Escolas de Mem Martins\u201d, com o log\u00f3tipo da AGSE no canto superior."},{"@type":"BreadcrumbList","@id":"https:\/\/agse.pt\/publicitacao-de-aviso-de-abertura-de-procedimento-concursal-previo-a-eleicao-de-diretor-a-agrupamento-de-escolas-de-mem-martins-sintra\/#breadcrumb","itemListElement":[{"@type":"ListItem","position":1,"name":"Home","item":"https:\/\/agse.pt\/"},{"@type":"ListItem","position":2,"name":"Publicita\u00e7\u00e3o de aviso de abertura de procedimento concursal pr\u00e9vio \u00e0 elei\u00e7\u00e3o de diretor\/a \u2013 Agrupamento de Escolas de Mem Martins, Sintra"}]},{"@type":"WebSite","@id":"https:\/\/site1.dev.fccn.pt\/#website","url":"https:\/\/site1.dev.fccn.pt\/","name":"AGSE","description":"Agency for the Management of the Education System","potentialAction":[{"@type":"SearchAction","target":{"@type":"EntryPoint","urlTemplate":"https:\/\/site1.dev.fccn.pt\/?s={search_term_string}"},"query-input":{"@type":"PropertyValueSpecification","valueRequired":true,"valueName":"search_term_string"}}],"inLanguage":"en-GB"},{"@type":"Person","@id":"https:\/\/site1.dev.fccn.pt\/#\/schema\/person\/ff34e4e384d67b7a32ee30356020a42f","name":"Sandra Cordeiro","image":{"@type":"ImageObject","inLanguage":"en-GB","@id":"https:\/\/secure.gravatar.com\/avatar\/0f1d17c37f352406962a22f7a0dd07d25152bbdcf22b01c9fa416f9dd44f11c3?s=96&d=mm&r=g","url":"https:\/\/secure.gravatar.com\/avatar\/0f1d17c37f352406962a22f7a0dd07d25152bbdcf22b01c9fa416f9dd44f11c3?s=96&d=mm&r=g","contentUrl":"https:\/\/secure.gravatar.com\/avatar\/0f1d17c37f352406962a22f7a0dd07d25152bbdcf22b01c9fa416f9dd44f11c3?s=96&d=mm&r=g","caption":"Sandra Cordeiro"},"url":"https:\/\/agse.pt\/en\/author\/sandra-cordeiro\/"}]}},"_links":{"self":[{"href":"https:\/\/agse.pt\/en\/wp-json\/wp\/v2\/posts\/6154","targetHints":{"allow":["GET"]}}],"collection":[{"href":"https:\/\/agse.pt\/en\/wp-json\/wp\/v2\/posts"}],"about":[{"href":"https:\/\/agse.pt\/en\/wp-json\/wp\/v2\/types\/post"}],"author":[{"embeddable":true,"href":"https:\/\/agse.pt\/en\/wp-json\/wp\/v2\/users\/15"}],"replies":[{"embeddable":true,"href":"https:\/\/agse.pt\/en\/wp-json\/wp\/v2\/comments?post=6154"}],"version-history":[{"count":3,"href":"https:\/\/agse.pt\/en\/wp-json\/wp\/v2\/posts\/6154\/revisions"}],"predecessor-version":[{"id":6158,"href":"https:\/\/agse.pt\/en\/wp-json\/wp\/v2\/posts\/6154\/revisions\/6158"}],"wp:featuredmedia":[{"embeddable":true,"href":"https:\/\/agse.pt\/en\/wp-json\/wp\/v2\/media\/6155"}],"wp:attachment":[{"href":"https:\/\/agse.pt\/en\/wp-json\/wp\/v2\/media?parent=6154"}],"wp:term":[{"taxonomy":"category","embeddable":true,"href":"https:\/\/agse.pt\/en\/wp-json\/wp\/v2\/categories?post=6154"},{"taxonomy":"post_tag","embeddable":true,"href":"https:\/\/agse.pt\/en\/wp-json\/wp\/v2\/tags?post=6154"}],"curies":[{"name":"wp","href":"https:\/\/api.w.org\/{rel}","templated":true}]}}