{"id":6159,"date":"2026-04-29T11:03:48","date_gmt":"2026-04-29T11:03:48","guid":{"rendered":"https:\/\/agse.pt\/?p=6159"},"modified":"2026-04-29T11:03:48","modified_gmt":"2026-04-29T11:03:48","slug":"publicitacao-de-aviso-de-abertura-de-procedimento-concursal-previo-a-eleicao-de-diretor-a-agrupamento-de-escolas-visconde-de-chanceleiros-alenquer","status":"publish","type":"post","link":"https:\/\/agse.pt\/en\/publicitacao-de-aviso-de-abertura-de-procedimento-concursal-previo-a-eleicao-de-diretor-a-agrupamento-de-escolas-visconde-de-chanceleiros-alenquer\/","title":{"rendered":"Public notice of the opening of a competitive procedure prior to the election of a director \u2013 Visconde de Chanceleiros School Group, Alenquer"},"content":{"rendered":"<h2><strong>Opening of a competitive procedure prior to the election of the director of<b> Visconde de Chanceleiros School Group, Alenquer<\/b><\/strong><\/h2>\n<p>It was published in the Official Gazette. <strong><a href=\"https:\/\/files.diariodarepublica.pt\/2s\/2026\/04\/083000000\/0010100102.pdf\">Notice No. 9853\/2026\/2<\/a>,\u00a0<\/strong>which determines the opening of the competitive procedure prior to the election of the director of the Visconde de Chanceleiros School Group, Alenquer.<\/p>\n<p>In accordance with the provisions of Articles 21 and 22 of Decree-Law No. 75\/2008, of April 22, with the<br \/>\nIn accordance with the amendments introduced by Decree-Law No. 137\/2012, of July 2, it is hereby announced that a competition is open for the position of director of the Visconde de Chanceleiros School Group, for a period of 10 working days, starting from the day following the publication of this Notice in the Official Gazette.<\/p>\n<h3><strong>Requirements and application process<\/strong><\/h3>\n<p>The admission requirements for the competition are those set out in paragraphs 3, 4 and 5 of Article 21 of...<br \/>\nDecree-Law No. 75\/2008, of April 22, amended by Decree-Law No. 137\/2012, of July 2.<\/p>\n<p>Formal applications are submitted by presenting an application form for the position of director, using the provided template, available on the website of the Visconde de Chanceleiros School Group (https:\/\/www.aeviscondechanceleiros.org\/) and at the Administrative Services of the Group&#039;s main school, addressed to the President of the General Council. Applications may be submitted in person at the Administrative Services of the Group&#039;s main school, located at Rua Cristino Silva, Merceana, 2580-087 Aldeia Galega da Merceana, from 9:00 AM to 5:00 PM, Monday to Friday, or sent by registered mail with return receipt requested, dispatched before the deadline set for submission.<\/p>\n<p>The application must be accompanied by the following documents, otherwise it will be excluded:<\/p>\n<ul>\n<li><strong><em>Curriculum vitae<\/em> detailed;<\/strong><\/li>\n<li><strong>Intervention Project related to the School Cluster;<\/strong><\/li>\n<li><strong>Authenticated statement from the originating service.<\/strong>, which includes the category, the type of employment, and the length of service.<br \/>\nservice;<\/li>\n<\/ul>\n<p>Candidates may also indicate any other duly documented elements.,<br \/>\nthat they consider relevant for assessing its merit.<\/p>\n<h3><strong>Evaluation of applications<\/strong><\/h3>\n<p>The evaluation of applications is based on the following procedures:<\/p>\n<ul>\n<li>A <strong>analysis of <em>Curriculum vitae<\/em> <\/strong>of each candidate;<\/li>\n<li>A <strong>Analysis of the Intervention Project in the School Cluster<\/strong>;<\/li>\n<li>O <strong>result of the individual interview conducted with the candidate<\/strong>.<\/li>\n<\/ul>\n<p><strong>Please note that to submit your application you should consult the respective Notice in order to proceed in accordance with the required criteria.<\/strong><\/p>","protected":false},"excerpt":{"rendered":"<p>Abertura de procedimento concursal pr\u00e9vio \u00e0 elei\u00e7\u00e3o do(a) diretor(a) do Agrupamento de Escolas Visconde de Chanceleiros, Alenquer Foi publicado em Di\u00e1rio da Rep\u00fablica o Aviso n.\u00ba 9853\/2026\/2,\u00a0que determina a abertura do procedimento concursal pr\u00e9vio \u00e0 elei\u00e7\u00e3o do(a) diretor(a) do Agrupamento de Escolas Visconde de Chanceleiros, Alenquer. Nos termos do disposto nos artigos 21.\u00ba e 22.\u00ba [&hellip;]<\/p>\n","protected":false},"author":15,"featured_media":6160,"comment_status":"closed","ping_status":"open","sticky":false,"template":"","format":"standard","meta":{"_acf_changed":false,"footnotes":""},"categories":[1],"tags":[],"class_list":["post-6159","post","type-post","status-publish","format-standard","has-post-thumbnail","hentry","category-geral"],"acf":[],"yoast_head":"<!-- This site is optimized with the Yoast SEO plugin v27.5 - https:\/\/yoast.com\/product\/yoast-seo-wordpress\/ -->\n<title>Publicita\u00e7\u00e3o de aviso de abertura de procedimento concursal pr\u00e9vio \u00e0 elei\u00e7\u00e3o de diretor\/a \u2013 Agrupamento de Escolas Visconde de Chanceleiros, Alenquer - AGSE<\/title>\n<meta name=\"robots\" content=\"index, follow, max-snippet:-1, max-image-preview:large, max-video-preview:-1\" \/>\n<link rel=\"canonical\" href=\"https:\/\/agse.pt\/en\/publicitacao-de-aviso-de-abertura-de-procedimento-concursal-previo-a-eleicao-de-diretor-a-agrupamento-de-escolas-visconde-de-chanceleiros-alenquer\/\" \/>\n<meta property=\"og:locale\" content=\"en_GB\" \/>\n<meta property=\"og:type\" content=\"article\" \/>\n<meta property=\"og:title\" content=\"Publicita\u00e7\u00e3o de aviso de abertura de procedimento concursal pr\u00e9vio \u00e0 elei\u00e7\u00e3o de diretor\/a \u2013 Agrupamento de Escolas Visconde de Chanceleiros, Alenquer - AGSE\" \/>\n<meta property=\"og:description\" content=\"Abertura de procedimento concursal pr\u00e9vio \u00e0 elei\u00e7\u00e3o do(a) diretor(a) do Agrupamento de Escolas Visconde de Chanceleiros, Alenquer Foi publicado em Di\u00e1rio da Rep\u00fablica o Aviso n.\u00ba 9853\/2026\/2,\u00a0que determina a abertura do procedimento concursal pr\u00e9vio \u00e0 elei\u00e7\u00e3o do(a) diretor(a) do Agrupamento de Escolas Visconde de Chanceleiros, Alenquer. Nos termos do disposto nos artigos 21.\u00ba e 22.\u00ba [&hellip;]\" \/>\n<meta property=\"og:url\" content=\"https:\/\/agse.pt\/en\/publicitacao-de-aviso-de-abertura-de-procedimento-concursal-previo-a-eleicao-de-diretor-a-agrupamento-de-escolas-visconde-de-chanceleiros-alenquer\/\" \/>\n<meta property=\"og:site_name\" content=\"AGSE\" \/>\n<meta property=\"article:published_time\" content=\"2026-04-29T11:03:48+00:00\" \/>\n<meta property=\"og:image\" content=\"https:\/\/agse.pt\/wp-content\/uploads\/2026\/04\/Agrupamento-de-Escolas-Visconde-de-Chanceleiros-Alenquer.png\" \/>\n\t<meta property=\"og:image:width\" content=\"1687\" \/>\n\t<meta property=\"og:image:height\" content=\"1108\" \/>\n\t<meta property=\"og:image:type\" content=\"image\/png\" \/>\n<meta name=\"author\" content=\"Sandra Cordeiro\" \/>\n<meta name=\"twitter:card\" content=\"summary_large_image\" \/>\n<meta name=\"twitter:label1\" content=\"Written by\" \/>\n\t<meta name=\"twitter:data1\" content=\"Sandra Cordeiro\" \/>\n\t<meta name=\"twitter:label2\" content=\"Est. reading time\" \/>\n\t<meta name=\"twitter:data2\" content=\"3 minutes\" \/>\n<script type=\"application\/ld+json\" class=\"yoast-schema-graph\">{\"@context\":\"https:\\\/\\\/schema.org\",\"@graph\":[{\"@type\":\"Article\",\"@id\":\"https:\\\/\\\/agse.pt\\\/publicitacao-de-aviso-de-abertura-de-procedimento-concursal-previo-a-eleicao-de-diretor-a-agrupamento-de-escolas-visconde-de-chanceleiros-alenquer\\\/#article\",\"isPartOf\":{\"@id\":\"https:\\\/\\\/agse.pt\\\/publicitacao-de-aviso-de-abertura-de-procedimento-concursal-previo-a-eleicao-de-diretor-a-agrupamento-de-escolas-visconde-de-chanceleiros-alenquer\\\/\"},\"author\":{\"name\":\"Sandra Cordeiro\",\"@id\":\"https:\\\/\\\/site1.dev.fccn.pt\\\/#\\\/schema\\\/person\\\/ff34e4e384d67b7a32ee30356020a42f\"},\"headline\":\"Publicita\u00e7\u00e3o de aviso de abertura de procedimento concursal pr\u00e9vio \u00e0 elei\u00e7\u00e3o de diretor\\\/a \u2013 Agrupamento de Escolas Visconde de Chanceleiros, Alenquer\",\"datePublished\":\"2026-04-29T11:03:48+00:00\",\"mainEntityOfPage\":{\"@id\":\"https:\\\/\\\/agse.pt\\\/publicitacao-de-aviso-de-abertura-de-procedimento-concursal-previo-a-eleicao-de-diretor-a-agrupamento-de-escolas-visconde-de-chanceleiros-alenquer\\\/\"},\"wordCount\":422,\"image\":{\"@id\":\"https:\\\/\\\/agse.pt\\\/publicitacao-de-aviso-de-abertura-de-procedimento-concursal-previo-a-eleicao-de-diretor-a-agrupamento-de-escolas-visconde-de-chanceleiros-alenquer\\\/#primaryimage\"},\"thumbnailUrl\":\"https:\\\/\\\/agse.pt\\\/wp-content\\\/uploads\\\/2026\\\/04\\\/Agrupamento-de-Escolas-Visconde-de-Chanceleiros-Alenquer.png\",\"articleSection\":[\"Geral\"],\"inLanguage\":\"en-GB\"},{\"@type\":\"WebPage\",\"@id\":\"https:\\\/\\\/agse.pt\\\/publicitacao-de-aviso-de-abertura-de-procedimento-concursal-previo-a-eleicao-de-diretor-a-agrupamento-de-escolas-visconde-de-chanceleiros-alenquer\\\/\",\"url\":\"https:\\\/\\\/agse.pt\\\/publicitacao-de-aviso-de-abertura-de-procedimento-concursal-previo-a-eleicao-de-diretor-a-agrupamento-de-escolas-visconde-de-chanceleiros-alenquer\\\/\",\"name\":\"Publicita\u00e7\u00e3o de aviso de abertura de procedimento concursal pr\u00e9vio \u00e0 elei\u00e7\u00e3o de diretor\\\/a \u2013 Agrupamento de Escolas Visconde de Chanceleiros, Alenquer - AGSE\",\"isPartOf\":{\"@id\":\"https:\\\/\\\/site1.dev.fccn.pt\\\/#website\"},\"primaryImageOfPage\":{\"@id\":\"https:\\\/\\\/agse.pt\\\/publicitacao-de-aviso-de-abertura-de-procedimento-concursal-previo-a-eleicao-de-diretor-a-agrupamento-de-escolas-visconde-de-chanceleiros-alenquer\\\/#primaryimage\"},\"image\":{\"@id\":\"https:\\\/\\\/agse.pt\\\/publicitacao-de-aviso-de-abertura-de-procedimento-concursal-previo-a-eleicao-de-diretor-a-agrupamento-de-escolas-visconde-de-chanceleiros-alenquer\\\/#primaryimage\"},\"thumbnailUrl\":\"https:\\\/\\\/agse.pt\\\/wp-content\\\/uploads\\\/2026\\\/04\\\/Agrupamento-de-Escolas-Visconde-de-Chanceleiros-Alenquer.png\",\"datePublished\":\"2026-04-29T11:03:48+00:00\",\"author\":{\"@id\":\"https:\\\/\\\/site1.dev.fccn.pt\\\/#\\\/schema\\\/person\\\/ff34e4e384d67b7a32ee30356020a42f\"},\"breadcrumb\":{\"@id\":\"https:\\\/\\\/agse.pt\\\/publicitacao-de-aviso-de-abertura-de-procedimento-concursal-previo-a-eleicao-de-diretor-a-agrupamento-de-escolas-visconde-de-chanceleiros-alenquer\\\/#breadcrumb\"},\"inLanguage\":\"en-GB\",\"potentialAction\":[{\"@type\":\"ReadAction\",\"target\":[\"https:\\\/\\\/agse.pt\\\/publicitacao-de-aviso-de-abertura-de-procedimento-concursal-previo-a-eleicao-de-diretor-a-agrupamento-de-escolas-visconde-de-chanceleiros-alenquer\\\/\"]}]},{\"@type\":\"ImageObject\",\"inLanguage\":\"en-GB\",\"@id\":\"https:\\\/\\\/agse.pt\\\/publicitacao-de-aviso-de-abertura-de-procedimento-concursal-previo-a-eleicao-de-diretor-a-agrupamento-de-escolas-visconde-de-chanceleiros-alenquer\\\/#primaryimage\",\"url\":\"https:\\\/\\\/agse.pt\\\/wp-content\\\/uploads\\\/2026\\\/04\\\/Agrupamento-de-Escolas-Visconde-de-Chanceleiros-Alenquer.png\",\"contentUrl\":\"https:\\\/\\\/agse.pt\\\/wp-content\\\/uploads\\\/2026\\\/04\\\/Agrupamento-de-Escolas-Visconde-de-Chanceleiros-Alenquer.png\",\"width\":1687,\"height\":1108,\"caption\":\"Imagem institucional da AGSE com fundo maioritariamente branco, composta por elementos gr\u00e1ficos geom\u00e9tricos em tons de azul e verde. \u00c0 esquerda surge o texto \u201cDiretor(a) \u2013 Agrupamento de Escolas Visconde de Chanceleiros, Alenquer\u201d, e no canto superior direito encontra\u2011se o log\u00f3tipo da AGSE.\"},{\"@type\":\"BreadcrumbList\",\"@id\":\"https:\\\/\\\/agse.pt\\\/publicitacao-de-aviso-de-abertura-de-procedimento-concursal-previo-a-eleicao-de-diretor-a-agrupamento-de-escolas-visconde-de-chanceleiros-alenquer\\\/#breadcrumb\",\"itemListElement\":[{\"@type\":\"ListItem\",\"position\":1,\"name\":\"Home\",\"item\":\"https:\\\/\\\/agse.pt\\\/\"},{\"@type\":\"ListItem\",\"position\":2,\"name\":\"Publicita\u00e7\u00e3o de aviso de abertura de procedimento concursal pr\u00e9vio \u00e0 elei\u00e7\u00e3o de diretor\\\/a \u2013 Agrupamento de Escolas Visconde de Chanceleiros, Alenquer\"}]},{\"@type\":\"WebSite\",\"@id\":\"https:\\\/\\\/site1.dev.fccn.pt\\\/#website\",\"url\":\"https:\\\/\\\/site1.dev.fccn.pt\\\/\",\"name\":\"AGSE\",\"description\":\"Ag\u00eancia para a Gest\u00e3o do Sistema Educativo\",\"potentialAction\":[{\"@type\":\"SearchAction\",\"target\":{\"@type\":\"EntryPoint\",\"urlTemplate\":\"https:\\\/\\\/site1.dev.fccn.pt\\\/?s={search_term_string}\"},\"query-input\":{\"@type\":\"PropertyValueSpecification\",\"valueRequired\":true,\"valueName\":\"search_term_string\"}}],\"inLanguage\":\"en-GB\"},{\"@type\":\"Person\",\"@id\":\"https:\\\/\\\/site1.dev.fccn.pt\\\/#\\\/schema\\\/person\\\/ff34e4e384d67b7a32ee30356020a42f\",\"name\":\"Sandra Cordeiro\",\"image\":{\"@type\":\"ImageObject\",\"inLanguage\":\"en-GB\",\"@id\":\"https:\\\/\\\/secure.gravatar.com\\\/avatar\\\/0f1d17c37f352406962a22f7a0dd07d25152bbdcf22b01c9fa416f9dd44f11c3?s=96&d=mm&r=g\",\"url\":\"https:\\\/\\\/secure.gravatar.com\\\/avatar\\\/0f1d17c37f352406962a22f7a0dd07d25152bbdcf22b01c9fa416f9dd44f11c3?s=96&d=mm&r=g\",\"contentUrl\":\"https:\\\/\\\/secure.gravatar.com\\\/avatar\\\/0f1d17c37f352406962a22f7a0dd07d25152bbdcf22b01c9fa416f9dd44f11c3?s=96&d=mm&r=g\",\"caption\":\"Sandra Cordeiro\"},\"url\":\"https:\\\/\\\/agse.pt\\\/en\\\/author\\\/sandra-cordeiro\\\/\"}]}<\/script>\n<!-- \/ Yoast SEO plugin. -->","yoast_head_json":{"title":"Publicita\u00e7\u00e3o de aviso de abertura de procedimento concursal pr\u00e9vio \u00e0 elei\u00e7\u00e3o de diretor\/a \u2013 Agrupamento de Escolas Visconde de Chanceleiros, Alenquer - AGSE","robots":{"index":"index","follow":"follow","max-snippet":"max-snippet:-1","max-image-preview":"max-image-preview:large","max-video-preview":"max-video-preview:-1"},"canonical":"https:\/\/agse.pt\/en\/publicitacao-de-aviso-de-abertura-de-procedimento-concursal-previo-a-eleicao-de-diretor-a-agrupamento-de-escolas-visconde-de-chanceleiros-alenquer\/","og_locale":"en_GB","og_type":"article","og_title":"Publicita\u00e7\u00e3o de aviso de abertura de procedimento concursal pr\u00e9vio \u00e0 elei\u00e7\u00e3o de diretor\/a \u2013 Agrupamento de Escolas Visconde de Chanceleiros, Alenquer - AGSE","og_description":"Abertura de procedimento concursal pr\u00e9vio \u00e0 elei\u00e7\u00e3o do(a) diretor(a) do Agrupamento de Escolas Visconde de Chanceleiros, Alenquer Foi publicado em Di\u00e1rio da Rep\u00fablica o Aviso n.\u00ba 9853\/2026\/2,\u00a0que determina a abertura do procedimento concursal pr\u00e9vio \u00e0 elei\u00e7\u00e3o do(a) diretor(a) do Agrupamento de Escolas Visconde de Chanceleiros, Alenquer. Nos termos do disposto nos artigos 21.\u00ba e 22.\u00ba [&hellip;]","og_url":"https:\/\/agse.pt\/en\/publicitacao-de-aviso-de-abertura-de-procedimento-concursal-previo-a-eleicao-de-diretor-a-agrupamento-de-escolas-visconde-de-chanceleiros-alenquer\/","og_site_name":"AGSE","article_published_time":"2026-04-29T11:03:48+00:00","og_image":[{"width":1687,"height":1108,"url":"https:\/\/agse.pt\/wp-content\/uploads\/2026\/04\/Agrupamento-de-Escolas-Visconde-de-Chanceleiros-Alenquer.png","type":"image\/png"}],"author":"Sandra Cordeiro","twitter_card":"summary_large_image","twitter_misc":{"Written by":"Sandra Cordeiro","Est. reading time":"3 minutes"},"schema":{"@context":"https:\/\/schema.org","@graph":[{"@type":"Article","@id":"https:\/\/agse.pt\/publicitacao-de-aviso-de-abertura-de-procedimento-concursal-previo-a-eleicao-de-diretor-a-agrupamento-de-escolas-visconde-de-chanceleiros-alenquer\/#article","isPartOf":{"@id":"https:\/\/agse.pt\/publicitacao-de-aviso-de-abertura-de-procedimento-concursal-previo-a-eleicao-de-diretor-a-agrupamento-de-escolas-visconde-de-chanceleiros-alenquer\/"},"author":{"name":"Sandra Cordeiro","@id":"https:\/\/site1.dev.fccn.pt\/#\/schema\/person\/ff34e4e384d67b7a32ee30356020a42f"},"headline":"Publicita\u00e7\u00e3o de aviso de abertura de procedimento concursal pr\u00e9vio \u00e0 elei\u00e7\u00e3o de diretor\/a \u2013 Agrupamento de Escolas Visconde de Chanceleiros, Alenquer","datePublished":"2026-04-29T11:03:48+00:00","mainEntityOfPage":{"@id":"https:\/\/agse.pt\/publicitacao-de-aviso-de-abertura-de-procedimento-concursal-previo-a-eleicao-de-diretor-a-agrupamento-de-escolas-visconde-de-chanceleiros-alenquer\/"},"wordCount":422,"image":{"@id":"https:\/\/agse.pt\/publicitacao-de-aviso-de-abertura-de-procedimento-concursal-previo-a-eleicao-de-diretor-a-agrupamento-de-escolas-visconde-de-chanceleiros-alenquer\/#primaryimage"},"thumbnailUrl":"https:\/\/agse.pt\/wp-content\/uploads\/2026\/04\/Agrupamento-de-Escolas-Visconde-de-Chanceleiros-Alenquer.png","articleSection":["Geral"],"inLanguage":"en-GB"},{"@type":"WebPage","@id":"https:\/\/agse.pt\/publicitacao-de-aviso-de-abertura-de-procedimento-concursal-previo-a-eleicao-de-diretor-a-agrupamento-de-escolas-visconde-de-chanceleiros-alenquer\/","url":"https:\/\/agse.pt\/publicitacao-de-aviso-de-abertura-de-procedimento-concursal-previo-a-eleicao-de-diretor-a-agrupamento-de-escolas-visconde-de-chanceleiros-alenquer\/","name":"Publicita\u00e7\u00e3o de aviso de abertura de procedimento concursal pr\u00e9vio \u00e0 elei\u00e7\u00e3o de diretor\/a \u2013 Agrupamento de Escolas Visconde de Chanceleiros, Alenquer - AGSE","isPartOf":{"@id":"https:\/\/site1.dev.fccn.pt\/#website"},"primaryImageOfPage":{"@id":"https:\/\/agse.pt\/publicitacao-de-aviso-de-abertura-de-procedimento-concursal-previo-a-eleicao-de-diretor-a-agrupamento-de-escolas-visconde-de-chanceleiros-alenquer\/#primaryimage"},"image":{"@id":"https:\/\/agse.pt\/publicitacao-de-aviso-de-abertura-de-procedimento-concursal-previo-a-eleicao-de-diretor-a-agrupamento-de-escolas-visconde-de-chanceleiros-alenquer\/#primaryimage"},"thumbnailUrl":"https:\/\/agse.pt\/wp-content\/uploads\/2026\/04\/Agrupamento-de-Escolas-Visconde-de-Chanceleiros-Alenquer.png","datePublished":"2026-04-29T11:03:48+00:00","author":{"@id":"https:\/\/site1.dev.fccn.pt\/#\/schema\/person\/ff34e4e384d67b7a32ee30356020a42f"},"breadcrumb":{"@id":"https:\/\/agse.pt\/publicitacao-de-aviso-de-abertura-de-procedimento-concursal-previo-a-eleicao-de-diretor-a-agrupamento-de-escolas-visconde-de-chanceleiros-alenquer\/#breadcrumb"},"inLanguage":"en-GB","potentialAction":[{"@type":"ReadAction","target":["https:\/\/agse.pt\/publicitacao-de-aviso-de-abertura-de-procedimento-concursal-previo-a-eleicao-de-diretor-a-agrupamento-de-escolas-visconde-de-chanceleiros-alenquer\/"]}]},{"@type":"ImageObject","inLanguage":"en-GB","@id":"https:\/\/agse.pt\/publicitacao-de-aviso-de-abertura-de-procedimento-concursal-previo-a-eleicao-de-diretor-a-agrupamento-de-escolas-visconde-de-chanceleiros-alenquer\/#primaryimage","url":"https:\/\/agse.pt\/wp-content\/uploads\/2026\/04\/Agrupamento-de-Escolas-Visconde-de-Chanceleiros-Alenquer.png","contentUrl":"https:\/\/agse.pt\/wp-content\/uploads\/2026\/04\/Agrupamento-de-Escolas-Visconde-de-Chanceleiros-Alenquer.png","width":1687,"height":1108,"caption":"Imagem institucional da AGSE com fundo maioritariamente branco, composta por elementos gr\u00e1ficos geom\u00e9tricos em tons de azul e verde. \u00c0 esquerda surge o texto \u201cDiretor(a) \u2013 Agrupamento de Escolas Visconde de Chanceleiros, Alenquer\u201d, e no canto superior direito encontra\u2011se o log\u00f3tipo da AGSE."},{"@type":"BreadcrumbList","@id":"https:\/\/agse.pt\/publicitacao-de-aviso-de-abertura-de-procedimento-concursal-previo-a-eleicao-de-diretor-a-agrupamento-de-escolas-visconde-de-chanceleiros-alenquer\/#breadcrumb","itemListElement":[{"@type":"ListItem","position":1,"name":"Home","item":"https:\/\/agse.pt\/"},{"@type":"ListItem","position":2,"name":"Publicita\u00e7\u00e3o de aviso de abertura de procedimento concursal pr\u00e9vio \u00e0 elei\u00e7\u00e3o de diretor\/a \u2013 Agrupamento de Escolas Visconde de Chanceleiros, Alenquer"}]},{"@type":"WebSite","@id":"https:\/\/site1.dev.fccn.pt\/#website","url":"https:\/\/site1.dev.fccn.pt\/","name":"AGSE","description":"Agency for the Management of the Education System","potentialAction":[{"@type":"SearchAction","target":{"@type":"EntryPoint","urlTemplate":"https:\/\/site1.dev.fccn.pt\/?s={search_term_string}"},"query-input":{"@type":"PropertyValueSpecification","valueRequired":true,"valueName":"search_term_string"}}],"inLanguage":"en-GB"},{"@type":"Person","@id":"https:\/\/site1.dev.fccn.pt\/#\/schema\/person\/ff34e4e384d67b7a32ee30356020a42f","name":"Sandra Cordeiro","image":{"@type":"ImageObject","inLanguage":"en-GB","@id":"https:\/\/secure.gravatar.com\/avatar\/0f1d17c37f352406962a22f7a0dd07d25152bbdcf22b01c9fa416f9dd44f11c3?s=96&d=mm&r=g","url":"https:\/\/secure.gravatar.com\/avatar\/0f1d17c37f352406962a22f7a0dd07d25152bbdcf22b01c9fa416f9dd44f11c3?s=96&d=mm&r=g","contentUrl":"https:\/\/secure.gravatar.com\/avatar\/0f1d17c37f352406962a22f7a0dd07d25152bbdcf22b01c9fa416f9dd44f11c3?s=96&d=mm&r=g","caption":"Sandra Cordeiro"},"url":"https:\/\/agse.pt\/en\/author\/sandra-cordeiro\/"}]}},"_links":{"self":[{"href":"https:\/\/agse.pt\/en\/wp-json\/wp\/v2\/posts\/6159","targetHints":{"allow":["GET"]}}],"collection":[{"href":"https:\/\/agse.pt\/en\/wp-json\/wp\/v2\/posts"}],"about":[{"href":"https:\/\/agse.pt\/en\/wp-json\/wp\/v2\/types\/post"}],"author":[{"embeddable":true,"href":"https:\/\/agse.pt\/en\/wp-json\/wp\/v2\/users\/15"}],"replies":[{"embeddable":true,"href":"https:\/\/agse.pt\/en\/wp-json\/wp\/v2\/comments?post=6159"}],"version-history":[{"count":1,"href":"https:\/\/agse.pt\/en\/wp-json\/wp\/v2\/posts\/6159\/revisions"}],"predecessor-version":[{"id":6161,"href":"https:\/\/agse.pt\/en\/wp-json\/wp\/v2\/posts\/6159\/revisions\/6161"}],"wp:featuredmedia":[{"embeddable":true,"href":"https:\/\/agse.pt\/en\/wp-json\/wp\/v2\/media\/6160"}],"wp:attachment":[{"href":"https:\/\/agse.pt\/en\/wp-json\/wp\/v2\/media?parent=6159"}],"wp:term":[{"taxonomy":"category","embeddable":true,"href":"https:\/\/agse.pt\/en\/wp-json\/wp\/v2\/categories?post=6159"},{"taxonomy":"post_tag","embeddable":true,"href":"https:\/\/agse.pt\/en\/wp-json\/wp\/v2\/tags?post=6159"}],"curies":[{"name":"wp","href":"https:\/\/api.w.org\/{rel}","templated":true}]}}