{"id":6162,"date":"2026-04-29T11:25:26","date_gmt":"2026-04-29T11:25:26","guid":{"rendered":"https:\/\/agse.pt\/?p=6162"},"modified":"2026-04-29T11:25:26","modified_gmt":"2026-04-29T11:25:26","slug":"publicitacao-de-aviso-de-abertura-de-procedimento-concursal-previo-a-eleicao-de-diretor-a-escola-secundaria-de-palmela","status":"publish","type":"post","link":"https:\/\/agse.pt\/en\/publicitacao-de-aviso-de-abertura-de-procedimento-concursal-previo-a-eleicao-de-diretor-a-escola-secundaria-de-palmela\/","title":{"rendered":"Public notice of the opening of a competitive procedure prior to the election of a director \u2013 Palmela Secondary School"},"content":{"rendered":"<h2><strong>Opening of a competitive procedure prior to the election of the director of<b>\u00a0Palmela Secondary School<\/b><\/strong><\/h2>\n<p>It was published in the Official Gazette. <a href=\"https:\/\/files.diariodarepublica.pt\/2s\/2026\/04\/083000000\/0010300104.pdf\"><strong>Notice No. 9854\/2026\/2<\/strong><\/a><strong>,\u00a0<\/strong>which determines the opening of the competitive procedure prior to the election of the director of the Palmela Secondary School.<\/p>\n<p>In accordance with the provisions of Article 22 of Decree-Law No. 75\/2008, of April 22, as amended.<br \/>\nIn accordance with Decree-Law No. 137\/2012, of July 2, it is hereby made public that a competition is open for a period of 10 working days from the day following the publication of this Notice in the Official Gazette, for the position of Director of the Palmela Secondary School (code 403210), in Palmela.<\/p>\n<h3><strong>Requirements and application process<\/strong><\/h3>\n<p>The admission requirements for the competition are those set out in paragraphs 3, 4 and 5 of Article 21 of...<br \/>\nDecree-Law No. 75\/2008, of April 22, amended by Decree-Law No. 137\/2012, of July 2.<\/p>\n<p>Formal application must be submitted in writing.<br \/>\nThe application for this purpose, as provided for in paragraph 1 of Article 22-A of the aforementioned decree-law, must be submitted using the appropriate form, available at [website address]. <a href=\"http:\/\/portal.espalmela.net\/\">School portal<\/a> or at the administrative offices and addressed to the President of the General Council of the Palmela Secondary School, and may be delivered in person to the school&#039;s administrative offices, located at Avenida Palmelense Futebol Clube, in Palmela, from 9:00 am to 4:30 pm, Monday to Friday, except on Wednesdays when the hours are from 9:00 am to 1:00 pm, or sent by registered mail with acknowledgment of receipt, dispatched by the deadline set for applications.<\/p>\n<p>The application referred to in the previous point must be accompanied by the following documents:<br \/>\nfollowing documents:<\/p>\n<ul>\n<li><strong><em>Curriculum vitae<\/em> detailed<\/strong>, dated and signed, as well as a digital copy, accompanied by documentary proof of its contents;<\/li>\n<li><strong>Intervention project relating to the Organic Unit<\/strong>;<\/li>\n<li><strong>Candidate&#039;s Criminal Record Certificate<\/strong>.<\/li>\n<\/ul>\n<h3><strong>Evaluation of applications<\/strong><\/h3>\n<p>The selection methods are as follows:<\/p>\n<ul>\n<li><strong>Analysis of <em>curriculum vitae<\/em><\/strong>;<\/li>\n<li><strong>Analysis of the intervention project at the school.<\/strong>;<\/li>\n<li><strong>Individual interview with the candidate<\/strong>.<\/li>\n<\/ul>\n<p><strong>Please note that to submit your application you should consult the respective Notice in order to proceed in accordance with the required criteria.<\/strong><\/p>","protected":false},"excerpt":{"rendered":"<p>Abertura de procedimento concursal pr\u00e9vio \u00e0 elei\u00e7\u00e3o do(a) diretor(a) da\u00a0Escola Secund\u00e1ria de Palmela Foi publicado em Di\u00e1rio da Rep\u00fablica o Aviso n.\u00ba 9854\/2026\/2,\u00a0que determina a abertura do procedimento concursal pr\u00e9vio \u00e0 elei\u00e7\u00e3o do(a) diretor(a) da Escola Secund\u00e1ria de Palmela. Nos termos do disposto no artigo 22.\u00ba do Decreto-Lei n.\u00ba 75\/2008, de 22 de abril, com [&hellip;]<\/p>\n","protected":false},"author":15,"featured_media":6163,"comment_status":"closed","ping_status":"open","sticky":false,"template":"","format":"standard","meta":{"_acf_changed":false,"footnotes":""},"categories":[1],"tags":[],"class_list":["post-6162","post","type-post","status-publish","format-standard","has-post-thumbnail","hentry","category-geral"],"acf":[],"yoast_head":"<!-- This site is optimized with the Yoast SEO plugin v27.5 - https:\/\/yoast.com\/product\/yoast-seo-wordpress\/ -->\n<title>Publicita\u00e7\u00e3o de aviso de abertura de procedimento concursal pr\u00e9vio \u00e0 elei\u00e7\u00e3o de diretor\/a \u2013 Escola Secund\u00e1ria de Palmela - AGSE<\/title>\n<meta name=\"robots\" content=\"index, follow, max-snippet:-1, max-image-preview:large, max-video-preview:-1\" \/>\n<link rel=\"canonical\" href=\"https:\/\/agse.pt\/en\/publicitacao-de-aviso-de-abertura-de-procedimento-concursal-previo-a-eleicao-de-diretor-a-escola-secundaria-de-palmela\/\" \/>\n<meta property=\"og:locale\" content=\"en_GB\" \/>\n<meta property=\"og:type\" content=\"article\" \/>\n<meta property=\"og:title\" content=\"Publicita\u00e7\u00e3o de aviso de abertura de procedimento concursal pr\u00e9vio \u00e0 elei\u00e7\u00e3o de diretor\/a \u2013 Escola Secund\u00e1ria de Palmela - AGSE\" \/>\n<meta property=\"og:description\" content=\"Abertura de procedimento concursal pr\u00e9vio \u00e0 elei\u00e7\u00e3o do(a) diretor(a) da\u00a0Escola Secund\u00e1ria de Palmela Foi publicado em Di\u00e1rio da Rep\u00fablica o Aviso n.\u00ba 9854\/2026\/2,\u00a0que determina a abertura do procedimento concursal pr\u00e9vio \u00e0 elei\u00e7\u00e3o do(a) diretor(a) da Escola Secund\u00e1ria de Palmela. Nos termos do disposto no artigo 22.\u00ba do Decreto-Lei n.\u00ba 75\/2008, de 22 de abril, com [&hellip;]\" \/>\n<meta property=\"og:url\" content=\"https:\/\/agse.pt\/en\/publicitacao-de-aviso-de-abertura-de-procedimento-concursal-previo-a-eleicao-de-diretor-a-escola-secundaria-de-palmela\/\" \/>\n<meta property=\"og:site_name\" content=\"AGSE\" \/>\n<meta property=\"article:published_time\" content=\"2026-04-29T11:25:26+00:00\" \/>\n<meta property=\"og:image\" content=\"https:\/\/agse.pt\/wp-content\/uploads\/2026\/04\/Escola-Secundaria-de-Palmela.png\" \/>\n\t<meta property=\"og:image:width\" content=\"1687\" \/>\n\t<meta property=\"og:image:height\" content=\"1108\" \/>\n\t<meta property=\"og:image:type\" content=\"image\/png\" \/>\n<meta name=\"author\" content=\"Sandra Cordeiro\" \/>\n<meta name=\"twitter:card\" content=\"summary_large_image\" \/>\n<meta name=\"twitter:label1\" content=\"Written by\" \/>\n\t<meta name=\"twitter:data1\" content=\"Sandra Cordeiro\" \/>\n\t<meta name=\"twitter:label2\" content=\"Est. reading time\" \/>\n\t<meta name=\"twitter:data2\" content=\"3 minutes\" \/>\n<script type=\"application\/ld+json\" class=\"yoast-schema-graph\">{\"@context\":\"https:\\\/\\\/schema.org\",\"@graph\":[{\"@type\":\"Article\",\"@id\":\"https:\\\/\\\/agse.pt\\\/publicitacao-de-aviso-de-abertura-de-procedimento-concursal-previo-a-eleicao-de-diretor-a-escola-secundaria-de-palmela\\\/#article\",\"isPartOf\":{\"@id\":\"https:\\\/\\\/agse.pt\\\/publicitacao-de-aviso-de-abertura-de-procedimento-concursal-previo-a-eleicao-de-diretor-a-escola-secundaria-de-palmela\\\/\"},\"author\":{\"name\":\"Sandra Cordeiro\",\"@id\":\"https:\\\/\\\/site1.dev.fccn.pt\\\/#\\\/schema\\\/person\\\/ff34e4e384d67b7a32ee30356020a42f\"},\"headline\":\"Publicita\u00e7\u00e3o de aviso de abertura de procedimento concursal pr\u00e9vio \u00e0 elei\u00e7\u00e3o de diretor\\\/a \u2013 Escola Secund\u00e1ria de Palmela\",\"datePublished\":\"2026-04-29T11:25:26+00:00\",\"mainEntityOfPage\":{\"@id\":\"https:\\\/\\\/agse.pt\\\/publicitacao-de-aviso-de-abertura-de-procedimento-concursal-previo-a-eleicao-de-diretor-a-escola-secundaria-de-palmela\\\/\"},\"wordCount\":391,\"image\":{\"@id\":\"https:\\\/\\\/agse.pt\\\/publicitacao-de-aviso-de-abertura-de-procedimento-concursal-previo-a-eleicao-de-diretor-a-escola-secundaria-de-palmela\\\/#primaryimage\"},\"thumbnailUrl\":\"https:\\\/\\\/agse.pt\\\/wp-content\\\/uploads\\\/2026\\\/04\\\/Escola-Secundaria-de-Palmela.png\",\"articleSection\":[\"Geral\"],\"inLanguage\":\"en-GB\"},{\"@type\":\"WebPage\",\"@id\":\"https:\\\/\\\/agse.pt\\\/publicitacao-de-aviso-de-abertura-de-procedimento-concursal-previo-a-eleicao-de-diretor-a-escola-secundaria-de-palmela\\\/\",\"url\":\"https:\\\/\\\/agse.pt\\\/publicitacao-de-aviso-de-abertura-de-procedimento-concursal-previo-a-eleicao-de-diretor-a-escola-secundaria-de-palmela\\\/\",\"name\":\"Publicita\u00e7\u00e3o de aviso de abertura de procedimento concursal pr\u00e9vio \u00e0 elei\u00e7\u00e3o de diretor\\\/a \u2013 Escola Secund\u00e1ria de Palmela - AGSE\",\"isPartOf\":{\"@id\":\"https:\\\/\\\/site1.dev.fccn.pt\\\/#website\"},\"primaryImageOfPage\":{\"@id\":\"https:\\\/\\\/agse.pt\\\/publicitacao-de-aviso-de-abertura-de-procedimento-concursal-previo-a-eleicao-de-diretor-a-escola-secundaria-de-palmela\\\/#primaryimage\"},\"image\":{\"@id\":\"https:\\\/\\\/agse.pt\\\/publicitacao-de-aviso-de-abertura-de-procedimento-concursal-previo-a-eleicao-de-diretor-a-escola-secundaria-de-palmela\\\/#primaryimage\"},\"thumbnailUrl\":\"https:\\\/\\\/agse.pt\\\/wp-content\\\/uploads\\\/2026\\\/04\\\/Escola-Secundaria-de-Palmela.png\",\"datePublished\":\"2026-04-29T11:25:26+00:00\",\"author\":{\"@id\":\"https:\\\/\\\/site1.dev.fccn.pt\\\/#\\\/schema\\\/person\\\/ff34e4e384d67b7a32ee30356020a42f\"},\"breadcrumb\":{\"@id\":\"https:\\\/\\\/agse.pt\\\/publicitacao-de-aviso-de-abertura-de-procedimento-concursal-previo-a-eleicao-de-diretor-a-escola-secundaria-de-palmela\\\/#breadcrumb\"},\"inLanguage\":\"en-GB\",\"potentialAction\":[{\"@type\":\"ReadAction\",\"target\":[\"https:\\\/\\\/agse.pt\\\/publicitacao-de-aviso-de-abertura-de-procedimento-concursal-previo-a-eleicao-de-diretor-a-escola-secundaria-de-palmela\\\/\"]}]},{\"@type\":\"ImageObject\",\"inLanguage\":\"en-GB\",\"@id\":\"https:\\\/\\\/agse.pt\\\/publicitacao-de-aviso-de-abertura-de-procedimento-concursal-previo-a-eleicao-de-diretor-a-escola-secundaria-de-palmela\\\/#primaryimage\",\"url\":\"https:\\\/\\\/agse.pt\\\/wp-content\\\/uploads\\\/2026\\\/04\\\/Escola-Secundaria-de-Palmela.png\",\"contentUrl\":\"https:\\\/\\\/agse.pt\\\/wp-content\\\/uploads\\\/2026\\\/04\\\/Escola-Secundaria-de-Palmela.png\",\"width\":1687,\"height\":1108,\"caption\":\"Imagem institucional da AGSE com fundo maioritariamente branco. No lado esquerdo apresenta texto em azul escuro com a designa\u00e7\u00e3o \u201cDiretor(a) \u2013 Escola Secund\u00e1ria de Palmela\u201d. No lado direito surgem formas geom\u00e9tricas em tons de azul e verde, dispostas em diagonal, criando um elemento gr\u00e1fico din\u00e2mico. No canto superior direito encontra\u2011se o log\u00f3tipo da AGSE.\"},{\"@type\":\"BreadcrumbList\",\"@id\":\"https:\\\/\\\/agse.pt\\\/publicitacao-de-aviso-de-abertura-de-procedimento-concursal-previo-a-eleicao-de-diretor-a-escola-secundaria-de-palmela\\\/#breadcrumb\",\"itemListElement\":[{\"@type\":\"ListItem\",\"position\":1,\"name\":\"Home\",\"item\":\"https:\\\/\\\/agse.pt\\\/\"},{\"@type\":\"ListItem\",\"position\":2,\"name\":\"Publicita\u00e7\u00e3o de aviso de abertura de procedimento concursal pr\u00e9vio \u00e0 elei\u00e7\u00e3o de diretor\\\/a \u2013 Escola Secund\u00e1ria de Palmela\"}]},{\"@type\":\"WebSite\",\"@id\":\"https:\\\/\\\/site1.dev.fccn.pt\\\/#website\",\"url\":\"https:\\\/\\\/site1.dev.fccn.pt\\\/\",\"name\":\"AGSE\",\"description\":\"Ag\u00eancia para a Gest\u00e3o do Sistema Educativo\",\"potentialAction\":[{\"@type\":\"SearchAction\",\"target\":{\"@type\":\"EntryPoint\",\"urlTemplate\":\"https:\\\/\\\/site1.dev.fccn.pt\\\/?s={search_term_string}\"},\"query-input\":{\"@type\":\"PropertyValueSpecification\",\"valueRequired\":true,\"valueName\":\"search_term_string\"}}],\"inLanguage\":\"en-GB\"},{\"@type\":\"Person\",\"@id\":\"https:\\\/\\\/site1.dev.fccn.pt\\\/#\\\/schema\\\/person\\\/ff34e4e384d67b7a32ee30356020a42f\",\"name\":\"Sandra Cordeiro\",\"image\":{\"@type\":\"ImageObject\",\"inLanguage\":\"en-GB\",\"@id\":\"https:\\\/\\\/secure.gravatar.com\\\/avatar\\\/0f1d17c37f352406962a22f7a0dd07d25152bbdcf22b01c9fa416f9dd44f11c3?s=96&d=mm&r=g\",\"url\":\"https:\\\/\\\/secure.gravatar.com\\\/avatar\\\/0f1d17c37f352406962a22f7a0dd07d25152bbdcf22b01c9fa416f9dd44f11c3?s=96&d=mm&r=g\",\"contentUrl\":\"https:\\\/\\\/secure.gravatar.com\\\/avatar\\\/0f1d17c37f352406962a22f7a0dd07d25152bbdcf22b01c9fa416f9dd44f11c3?s=96&d=mm&r=g\",\"caption\":\"Sandra Cordeiro\"},\"url\":\"https:\\\/\\\/agse.pt\\\/en\\\/author\\\/sandra-cordeiro\\\/\"}]}<\/script>\n<!-- \/ Yoast SEO plugin. -->","yoast_head_json":{"title":"Publicita\u00e7\u00e3o de aviso de abertura de procedimento concursal pr\u00e9vio \u00e0 elei\u00e7\u00e3o de diretor\/a \u2013 Escola Secund\u00e1ria de Palmela - AGSE","robots":{"index":"index","follow":"follow","max-snippet":"max-snippet:-1","max-image-preview":"max-image-preview:large","max-video-preview":"max-video-preview:-1"},"canonical":"https:\/\/agse.pt\/en\/publicitacao-de-aviso-de-abertura-de-procedimento-concursal-previo-a-eleicao-de-diretor-a-escola-secundaria-de-palmela\/","og_locale":"en_GB","og_type":"article","og_title":"Publicita\u00e7\u00e3o de aviso de abertura de procedimento concursal pr\u00e9vio \u00e0 elei\u00e7\u00e3o de diretor\/a \u2013 Escola Secund\u00e1ria de Palmela - AGSE","og_description":"Abertura de procedimento concursal pr\u00e9vio \u00e0 elei\u00e7\u00e3o do(a) diretor(a) da\u00a0Escola Secund\u00e1ria de Palmela Foi publicado em Di\u00e1rio da Rep\u00fablica o Aviso n.\u00ba 9854\/2026\/2,\u00a0que determina a abertura do procedimento concursal pr\u00e9vio \u00e0 elei\u00e7\u00e3o do(a) diretor(a) da Escola Secund\u00e1ria de Palmela. Nos termos do disposto no artigo 22.\u00ba do Decreto-Lei n.\u00ba 75\/2008, de 22 de abril, com [&hellip;]","og_url":"https:\/\/agse.pt\/en\/publicitacao-de-aviso-de-abertura-de-procedimento-concursal-previo-a-eleicao-de-diretor-a-escola-secundaria-de-palmela\/","og_site_name":"AGSE","article_published_time":"2026-04-29T11:25:26+00:00","og_image":[{"width":1687,"height":1108,"url":"https:\/\/agse.pt\/wp-content\/uploads\/2026\/04\/Escola-Secundaria-de-Palmela.png","type":"image\/png"}],"author":"Sandra Cordeiro","twitter_card":"summary_large_image","twitter_misc":{"Written by":"Sandra Cordeiro","Est. reading time":"3 minutes"},"schema":{"@context":"https:\/\/schema.org","@graph":[{"@type":"Article","@id":"https:\/\/agse.pt\/publicitacao-de-aviso-de-abertura-de-procedimento-concursal-previo-a-eleicao-de-diretor-a-escola-secundaria-de-palmela\/#article","isPartOf":{"@id":"https:\/\/agse.pt\/publicitacao-de-aviso-de-abertura-de-procedimento-concursal-previo-a-eleicao-de-diretor-a-escola-secundaria-de-palmela\/"},"author":{"name":"Sandra Cordeiro","@id":"https:\/\/site1.dev.fccn.pt\/#\/schema\/person\/ff34e4e384d67b7a32ee30356020a42f"},"headline":"Publicita\u00e7\u00e3o de aviso de abertura de procedimento concursal pr\u00e9vio \u00e0 elei\u00e7\u00e3o de diretor\/a \u2013 Escola Secund\u00e1ria de Palmela","datePublished":"2026-04-29T11:25:26+00:00","mainEntityOfPage":{"@id":"https:\/\/agse.pt\/publicitacao-de-aviso-de-abertura-de-procedimento-concursal-previo-a-eleicao-de-diretor-a-escola-secundaria-de-palmela\/"},"wordCount":391,"image":{"@id":"https:\/\/agse.pt\/publicitacao-de-aviso-de-abertura-de-procedimento-concursal-previo-a-eleicao-de-diretor-a-escola-secundaria-de-palmela\/#primaryimage"},"thumbnailUrl":"https:\/\/agse.pt\/wp-content\/uploads\/2026\/04\/Escola-Secundaria-de-Palmela.png","articleSection":["Geral"],"inLanguage":"en-GB"},{"@type":"WebPage","@id":"https:\/\/agse.pt\/publicitacao-de-aviso-de-abertura-de-procedimento-concursal-previo-a-eleicao-de-diretor-a-escola-secundaria-de-palmela\/","url":"https:\/\/agse.pt\/publicitacao-de-aviso-de-abertura-de-procedimento-concursal-previo-a-eleicao-de-diretor-a-escola-secundaria-de-palmela\/","name":"Publicita\u00e7\u00e3o de aviso de abertura de procedimento concursal pr\u00e9vio \u00e0 elei\u00e7\u00e3o de diretor\/a \u2013 Escola Secund\u00e1ria de Palmela - AGSE","isPartOf":{"@id":"https:\/\/site1.dev.fccn.pt\/#website"},"primaryImageOfPage":{"@id":"https:\/\/agse.pt\/publicitacao-de-aviso-de-abertura-de-procedimento-concursal-previo-a-eleicao-de-diretor-a-escola-secundaria-de-palmela\/#primaryimage"},"image":{"@id":"https:\/\/agse.pt\/publicitacao-de-aviso-de-abertura-de-procedimento-concursal-previo-a-eleicao-de-diretor-a-escola-secundaria-de-palmela\/#primaryimage"},"thumbnailUrl":"https:\/\/agse.pt\/wp-content\/uploads\/2026\/04\/Escola-Secundaria-de-Palmela.png","datePublished":"2026-04-29T11:25:26+00:00","author":{"@id":"https:\/\/site1.dev.fccn.pt\/#\/schema\/person\/ff34e4e384d67b7a32ee30356020a42f"},"breadcrumb":{"@id":"https:\/\/agse.pt\/publicitacao-de-aviso-de-abertura-de-procedimento-concursal-previo-a-eleicao-de-diretor-a-escola-secundaria-de-palmela\/#breadcrumb"},"inLanguage":"en-GB","potentialAction":[{"@type":"ReadAction","target":["https:\/\/agse.pt\/publicitacao-de-aviso-de-abertura-de-procedimento-concursal-previo-a-eleicao-de-diretor-a-escola-secundaria-de-palmela\/"]}]},{"@type":"ImageObject","inLanguage":"en-GB","@id":"https:\/\/agse.pt\/publicitacao-de-aviso-de-abertura-de-procedimento-concursal-previo-a-eleicao-de-diretor-a-escola-secundaria-de-palmela\/#primaryimage","url":"https:\/\/agse.pt\/wp-content\/uploads\/2026\/04\/Escola-Secundaria-de-Palmela.png","contentUrl":"https:\/\/agse.pt\/wp-content\/uploads\/2026\/04\/Escola-Secundaria-de-Palmela.png","width":1687,"height":1108,"caption":"Imagem institucional da AGSE com fundo maioritariamente branco. No lado esquerdo apresenta texto em azul escuro com a designa\u00e7\u00e3o \u201cDiretor(a) \u2013 Escola Secund\u00e1ria de Palmela\u201d. No lado direito surgem formas geom\u00e9tricas em tons de azul e verde, dispostas em diagonal, criando um elemento gr\u00e1fico din\u00e2mico. No canto superior direito encontra\u2011se o log\u00f3tipo da AGSE."},{"@type":"BreadcrumbList","@id":"https:\/\/agse.pt\/publicitacao-de-aviso-de-abertura-de-procedimento-concursal-previo-a-eleicao-de-diretor-a-escola-secundaria-de-palmela\/#breadcrumb","itemListElement":[{"@type":"ListItem","position":1,"name":"Home","item":"https:\/\/agse.pt\/"},{"@type":"ListItem","position":2,"name":"Publicita\u00e7\u00e3o de aviso de abertura de procedimento concursal pr\u00e9vio \u00e0 elei\u00e7\u00e3o de diretor\/a \u2013 Escola Secund\u00e1ria de Palmela"}]},{"@type":"WebSite","@id":"https:\/\/site1.dev.fccn.pt\/#website","url":"https:\/\/site1.dev.fccn.pt\/","name":"AGSE","description":"Agency for the Management of the Education System","potentialAction":[{"@type":"SearchAction","target":{"@type":"EntryPoint","urlTemplate":"https:\/\/site1.dev.fccn.pt\/?s={search_term_string}"},"query-input":{"@type":"PropertyValueSpecification","valueRequired":true,"valueName":"search_term_string"}}],"inLanguage":"en-GB"},{"@type":"Person","@id":"https:\/\/site1.dev.fccn.pt\/#\/schema\/person\/ff34e4e384d67b7a32ee30356020a42f","name":"Sandra Cordeiro","image":{"@type":"ImageObject","inLanguage":"en-GB","@id":"https:\/\/secure.gravatar.com\/avatar\/0f1d17c37f352406962a22f7a0dd07d25152bbdcf22b01c9fa416f9dd44f11c3?s=96&d=mm&r=g","url":"https:\/\/secure.gravatar.com\/avatar\/0f1d17c37f352406962a22f7a0dd07d25152bbdcf22b01c9fa416f9dd44f11c3?s=96&d=mm&r=g","contentUrl":"https:\/\/secure.gravatar.com\/avatar\/0f1d17c37f352406962a22f7a0dd07d25152bbdcf22b01c9fa416f9dd44f11c3?s=96&d=mm&r=g","caption":"Sandra Cordeiro"},"url":"https:\/\/agse.pt\/en\/author\/sandra-cordeiro\/"}]}},"_links":{"self":[{"href":"https:\/\/agse.pt\/en\/wp-json\/wp\/v2\/posts\/6162","targetHints":{"allow":["GET"]}}],"collection":[{"href":"https:\/\/agse.pt\/en\/wp-json\/wp\/v2\/posts"}],"about":[{"href":"https:\/\/agse.pt\/en\/wp-json\/wp\/v2\/types\/post"}],"author":[{"embeddable":true,"href":"https:\/\/agse.pt\/en\/wp-json\/wp\/v2\/users\/15"}],"replies":[{"embeddable":true,"href":"https:\/\/agse.pt\/en\/wp-json\/wp\/v2\/comments?post=6162"}],"version-history":[{"count":2,"href":"https:\/\/agse.pt\/en\/wp-json\/wp\/v2\/posts\/6162\/revisions"}],"predecessor-version":[{"id":6165,"href":"https:\/\/agse.pt\/en\/wp-json\/wp\/v2\/posts\/6162\/revisions\/6165"}],"wp:featuredmedia":[{"embeddable":true,"href":"https:\/\/agse.pt\/en\/wp-json\/wp\/v2\/media\/6163"}],"wp:attachment":[{"href":"https:\/\/agse.pt\/en\/wp-json\/wp\/v2\/media?parent=6162"}],"wp:term":[{"taxonomy":"category","embeddable":true,"href":"https:\/\/agse.pt\/en\/wp-json\/wp\/v2\/categories?post=6162"},{"taxonomy":"post_tag","embeddable":true,"href":"https:\/\/agse.pt\/en\/wp-json\/wp\/v2\/tags?post=6162"}],"curies":[{"name":"wp","href":"https:\/\/api.w.org\/{rel}","templated":true}]}}